{"id":56222,"date":"2023-03-10T17:50:03","date_gmt":"2023-03-10T16:50:03","guid":{"rendered":"https:\/\/www.cimmino.com\/?p=56222"},"modified":"2023-03-10T17:53:04","modified_gmt":"2023-03-10T16:53:04","slug":"h-h-colonia-2023-nuova-edizione-della-fiera-internazionale-artigianato-creativo","status":"publish","type":"post","link":"https:\/\/www.cimmino.com\/it\/h-h-colonia-2023-nuova-edizione-della-fiera-internazionale-artigianato-creativo\/","title":{"rendered":"H + H Colonia 2023: la nuova edizione della fiera internazionale dell\u2019artigianato creativo"},"content":{"rendered":"\n<p><strong>H + H Colonia<\/strong> \u00e8 la fiera dell&#8217;artigianato creativo che si svolge annualmente a Colonia, in Germania.<br><strong>Cimmino <\/strong>sar\u00e0 presente anche quest\u2019anno alla fiera, in qualit\u00e0 di espositore presso la <strong>Hall 11.2 Stand C055<\/strong>.<\/p>\n\n\n\n<!--more-->\n\n\n\n<p><strong>Dal 31 marzo al 2 aprile 2023<\/strong>, ai visitatori professionali non verr\u00e0 offerta solo una gamma completa di innovazioni per il cucito, l&#8217;uncinetto, il lavoro a maglia, il ricamo e l&#8217;artigianato, ma vi sar\u00e0 un ricco programma di eventi e workshop orientato alle diverse esigenze del settore. <\/p>\n\n\n\n<p>Il motto per quest\u2019anno \u00e8 gi\u00e0 stato deciso: <em>&#8220;be creative. be unique&#8221;.<\/em> Si parler\u00e0 di come ottimizzare la propria attivit\u00e0, di come proporsi in maniera diversa rispetto agli altri, quali sono le idee e gli spunti creativi che rendono l&#8217;industria dell&#8217;artigianato sempre pi\u00f9 innovativa e come difendere il concetto di &#8220;unicit\u00e0&#8221; contro l\u2019ormai dilagante &#8220;fast fashion&#8221;. In breve, questo evento sar\u00e0 colorato, creativo e individuale: qualcosa di cui essere fieri con i tempi che corrono.<\/p>\n\n\n\n<h2 class=\"wp-block-heading\">H + H Colonia si riconferma l\u2019evento pi\u00f9 grande al mondo incentrato sull\u2019artigianato creativo<\/h2>\n\n\n\n<p>La fiera si concentra principalmente sulle attivit\u00e0 artistiche e artigianali, con espositori che provengono da ogni parte del mondo per offrire ai visitatori la possibilit\u00e0 di scoprire i <strong>prodotti pi\u00f9 innovativi e creativi del settore<\/strong>: tessuti, filati, attrezzature per la lavorazione della lana, forniture per la creazione di gioielli, prodotti per la stampa, prodotti per il patchwork e il quilting, prodotti per la decorazione di interni e per la creazione di oggetti artigianali in ceramica e vetro.<\/p>\n\n\n\n<p>Oltre alla mostra dei prodotti, la fiera offre anche un programma di eventi, come workshop e dimostrazioni dal vivo, dove i visitatori possono imparare le tecniche di lavorazione dei vari materiali, incontrare esperti e apprendere le ultime <strong>tendenze del settore<\/strong>. Ci sono anche seminari e conferenze tenute da specialisti del settore, dove si discutono i problemi attuali e le opportunit\u00e0 del mercato dell&#8217;artigianato creativo.<\/p>\n","protected":false},"excerpt":{"rendered":"<p>H+H Colonia \u00e8 la fiera dell&#8217;artigianato creativo che si svolge annualmente a Colonia, in Germania. Cimmino sar\u00e0 presente come espositore all&#8217;evento presso la Hall 11.2 Stand C055.<\/p>\n","protected":false},"author":1,"featured_media":56223,"comment_status":"closed","ping_status":"closed","sticky":true,"template":"","format":"standard","meta":{"footnotes":""},"categories":[1178,18],"tags":[],"class_list":["post-56222","post","type-post","status-publish","format-standard","has-post-thumbnail","hentry","category-fiere","category-novita","post_layout-novita"],"yoast_head":"<!-- This site is optimized with the Yoast SEO plugin v21.9.1 - https:\/\/yoast.com\/wordpress\/plugins\/seo\/ -->\n<title>H+H Colonia: nuova edizione della fiera dell&#039;artigianato creativo - Cimmino<\/title>\n<meta name=\"description\" content=\"H+H Colonia \u00e8 la fiera dell&#039;artigianato creativo che si svolge annualmente a Colonia. Cimmino sar\u00e0 presente presso la Hall 11.2 Stand C055.\" \/>\n<meta name=\"robots\" content=\"index, follow, max-snippet:-1, max-image-preview:large, max-video-preview:-1\" \/>\n<link rel=\"canonical\" href=\"https:\/\/www.cimmino.com\/it\/h-h-colonia-2023-nuova-edizione-della-fiera-internazionale-artigianato-creativo\/\" \/>\n<meta property=\"og:locale\" content=\"it_IT\" \/>\n<meta property=\"og:type\" content=\"article\" \/>\n<meta property=\"og:title\" content=\"H+H Colonia: nuova edizione della fiera dell&#039;artigianato creativo - Cimmino\" \/>\n<meta property=\"og:description\" content=\"H+H Colonia \u00e8 la fiera dell&#039;artigianato creativo che si svolge annualmente a Colonia. Cimmino sar\u00e0 presente presso la Hall 11.2 Stand C055.\" \/>\n<meta property=\"og:url\" content=\"https:\/\/www.cimmino.com\/it\/h-h-colonia-2023-nuova-edizione-della-fiera-internazionale-artigianato-creativo\/\" \/>\n<meta property=\"og:site_name\" content=\"Cimmino\" \/>\n<meta property=\"article:published_time\" content=\"2023-03-10T16:50:03+00:00\" \/>\n<meta property=\"article:modified_time\" content=\"2023-03-10T16:53:04+00:00\" \/>\n<meta property=\"og:image\" content=\"https:\/\/www.cimmino.com\/wp-content\/uploads\/2023\/03\/fiera-colonia-artigianato.jpg\" \/>\n\t<meta property=\"og:image:width\" content=\"1200\" \/>\n\t<meta property=\"og:image:height\" content=\"800\" \/>\n\t<meta property=\"og:image:type\" content=\"image\/jpeg\" \/>\n<meta name=\"author\" content=\"areatecnica\" \/>\n<meta name=\"twitter:card\" content=\"summary_large_image\" \/>\n<meta name=\"twitter:label1\" content=\"Scritto da\" \/>\n\t<meta name=\"twitter:data1\" content=\"areatecnica\" \/>\n\t<meta name=\"twitter:label2\" content=\"Tempo di lettura stimato\" \/>\n\t<meta name=\"twitter:data2\" content=\"2 minuti\" \/>\n<script type=\"application\/ld+json\" class=\"yoast-schema-graph\">{\"@context\":\"https:\/\/schema.org\",\"@graph\":[{\"@type\":\"WebPage\",\"@id\":\"https:\/\/www.cimmino.com\/it\/h-h-colonia-2023-nuova-edizione-della-fiera-internazionale-artigianato-creativo\/\",\"url\":\"https:\/\/www.cimmino.com\/it\/h-h-colonia-2023-nuova-edizione-della-fiera-internazionale-artigianato-creativo\/\",\"name\":\"H+H Colonia: nuova edizione della fiera dell'artigianato creativo - Cimmino\",\"isPartOf\":{\"@id\":\"https:\/\/www.cimmino.com\/en\/#website\"},\"datePublished\":\"2023-03-10T16:50:03+00:00\",\"dateModified\":\"2023-03-10T16:53:04+00:00\",\"author\":{\"@id\":\"https:\/\/www.cimmino.com\/en\/#\/schema\/person\/acc48ce09fe720928d6ab3d442abf8ec\"},\"description\":\"H+H Colonia \u00e8 la fiera dell'artigianato creativo che si svolge annualmente a Colonia. Cimmino sar\u00e0 presente presso la Hall 11.2 Stand C055.\",\"breadcrumb\":{\"@id\":\"https:\/\/www.cimmino.com\/it\/h-h-colonia-2023-nuova-edizione-della-fiera-internazionale-artigianato-creativo\/#breadcrumb\"},\"inLanguage\":\"it-IT\",\"potentialAction\":[{\"@type\":\"ReadAction\",\"target\":[\"https:\/\/www.cimmino.com\/it\/h-h-colonia-2023-nuova-edizione-della-fiera-internazionale-artigianato-creativo\/\"]}]},{\"@type\":\"BreadcrumbList\",\"@id\":\"https:\/\/www.cimmino.com\/it\/h-h-colonia-2023-nuova-edizione-della-fiera-internazionale-artigianato-creativo\/#breadcrumb\",\"itemListElement\":[{\"@type\":\"ListItem\",\"position\":1,\"name\":\"Home\",\"item\":\"https:\/\/www.cimmino.com\/it\/\"},{\"@type\":\"ListItem\",\"position\":2,\"name\":\"H + H Colonia 2023: la nuova edizione della fiera internazionale dell\u2019artigianato creativo\"}]},{\"@type\":\"WebSite\",\"@id\":\"https:\/\/www.cimmino.com\/en\/#website\",\"url\":\"https:\/\/www.cimmino.com\/en\/\",\"name\":\"Cimmino\",\"description\":\"Your partner in style since 1750\",\"potentialAction\":[{\"@type\":\"SearchAction\",\"target\":{\"@type\":\"EntryPoint\",\"urlTemplate\":\"https:\/\/www.cimmino.com\/en\/?s={search_term_string}\"},\"query-input\":\"required name=search_term_string\"}],\"inLanguage\":\"it-IT\"},{\"@type\":\"Person\",\"@id\":\"https:\/\/www.cimmino.com\/en\/#\/schema\/person\/acc48ce09fe720928d6ab3d442abf8ec\",\"name\":\"areatecnica\",\"image\":{\"@type\":\"ImageObject\",\"inLanguage\":\"it-IT\",\"@id\":\"https:\/\/www.cimmino.com\/en\/#\/schema\/person\/image\/\",\"url\":\"https:\/\/secure.gravatar.com\/avatar\/60e318cb6e6de1184d3834661ba9f6209a8d536ae9c769e3662804fd574471a2?s=96&d=mm&r=g\",\"contentUrl\":\"https:\/\/secure.gravatar.com\/avatar\/60e318cb6e6de1184d3834661ba9f6209a8d536ae9c769e3662804fd574471a2?s=96&d=mm&r=g\",\"caption\":\"areatecnica\"},\"sameAs\":[\"https:\/\/www.cimmino.com\"]}]}<\/script>\n<!-- \/ Yoast SEO plugin. -->","yoast_head_json":{"title":"H+H Colonia: nuova edizione della fiera dell'artigianato creativo - Cimmino","description":"H+H Colonia \u00e8 la fiera dell'artigianato creativo che si svolge annualmente a Colonia. Cimmino sar\u00e0 presente presso la Hall 11.2 Stand C055.","robots":{"index":"index","follow":"follow","max-snippet":"max-snippet:-1","max-image-preview":"max-image-preview:large","max-video-preview":"max-video-preview:-1"},"canonical":"https:\/\/www.cimmino.com\/it\/h-h-colonia-2023-nuova-edizione-della-fiera-internazionale-artigianato-creativo\/","og_locale":"it_IT","og_type":"article","og_title":"H+H Colonia: nuova edizione della fiera dell'artigianato creativo - Cimmino","og_description":"H+H Colonia \u00e8 la fiera dell'artigianato creativo che si svolge annualmente a Colonia. Cimmino sar\u00e0 presente presso la Hall 11.2 Stand C055.","og_url":"https:\/\/www.cimmino.com\/it\/h-h-colonia-2023-nuova-edizione-della-fiera-internazionale-artigianato-creativo\/","og_site_name":"Cimmino","article_published_time":"2023-03-10T16:50:03+00:00","article_modified_time":"2023-03-10T16:53:04+00:00","og_image":[{"width":1200,"height":800,"url":"https:\/\/www.cimmino.com\/wp-content\/uploads\/2023\/03\/fiera-colonia-artigianato.jpg","type":"image\/jpeg"}],"author":"areatecnica","twitter_card":"summary_large_image","twitter_misc":{"Scritto da":"areatecnica","Tempo di lettura stimato":"2 minuti"},"schema":{"@context":"https:\/\/schema.org","@graph":[{"@type":"WebPage","@id":"https:\/\/www.cimmino.com\/it\/h-h-colonia-2023-nuova-edizione-della-fiera-internazionale-artigianato-creativo\/","url":"https:\/\/www.cimmino.com\/it\/h-h-colonia-2023-nuova-edizione-della-fiera-internazionale-artigianato-creativo\/","name":"H+H Colonia: nuova edizione della fiera dell'artigianato creativo - Cimmino","isPartOf":{"@id":"https:\/\/www.cimmino.com\/en\/#website"},"datePublished":"2023-03-10T16:50:03+00:00","dateModified":"2023-03-10T16:53:04+00:00","author":{"@id":"https:\/\/www.cimmino.com\/en\/#\/schema\/person\/acc48ce09fe720928d6ab3d442abf8ec"},"description":"H+H Colonia \u00e8 la fiera dell'artigianato creativo che si svolge annualmente a Colonia. Cimmino sar\u00e0 presente presso la Hall 11.2 Stand C055.","breadcrumb":{"@id":"https:\/\/www.cimmino.com\/it\/h-h-colonia-2023-nuova-edizione-della-fiera-internazionale-artigianato-creativo\/#breadcrumb"},"inLanguage":"it-IT","potentialAction":[{"@type":"ReadAction","target":["https:\/\/www.cimmino.com\/it\/h-h-colonia-2023-nuova-edizione-della-fiera-internazionale-artigianato-creativo\/"]}]},{"@type":"BreadcrumbList","@id":"https:\/\/www.cimmino.com\/it\/h-h-colonia-2023-nuova-edizione-della-fiera-internazionale-artigianato-creativo\/#breadcrumb","itemListElement":[{"@type":"ListItem","position":1,"name":"Home","item":"https:\/\/www.cimmino.com\/it\/"},{"@type":"ListItem","position":2,"name":"H + H Colonia 2023: la nuova edizione della fiera internazionale dell\u2019artigianato creativo"}]},{"@type":"WebSite","@id":"https:\/\/www.cimmino.com\/en\/#website","url":"https:\/\/www.cimmino.com\/en\/","name":"Cimmino","description":"Your partner in style since 1750","potentialAction":[{"@type":"SearchAction","target":{"@type":"EntryPoint","urlTemplate":"https:\/\/www.cimmino.com\/en\/?s={search_term_string}"},"query-input":"required name=search_term_string"}],"inLanguage":"it-IT"},{"@type":"Person","@id":"https:\/\/www.cimmino.com\/en\/#\/schema\/person\/acc48ce09fe720928d6ab3d442abf8ec","name":"areatecnica","image":{"@type":"ImageObject","inLanguage":"it-IT","@id":"https:\/\/www.cimmino.com\/en\/#\/schema\/person\/image\/","url":"https:\/\/secure.gravatar.com\/avatar\/60e318cb6e6de1184d3834661ba9f6209a8d536ae9c769e3662804fd574471a2?s=96&d=mm&r=g","contentUrl":"https:\/\/secure.gravatar.com\/avatar\/60e318cb6e6de1184d3834661ba9f6209a8d536ae9c769e3662804fd574471a2?s=96&d=mm&r=g","caption":"areatecnica"},"sameAs":["https:\/\/www.cimmino.com"]}]}},"_links":{"self":[{"href":"https:\/\/www.cimmino.com\/it\/wp-json\/wp\/v2\/posts\/56222","targetHints":{"allow":["GET"]}}],"collection":[{"href":"https:\/\/www.cimmino.com\/it\/wp-json\/wp\/v2\/posts"}],"about":[{"href":"https:\/\/www.cimmino.com\/it\/wp-json\/wp\/v2\/types\/post"}],"author":[{"embeddable":true,"href":"https:\/\/www.cimmino.com\/it\/wp-json\/wp\/v2\/users\/1"}],"replies":[{"embeddable":true,"href":"https:\/\/www.cimmino.com\/it\/wp-json\/wp\/v2\/comments?post=56222"}],"version-history":[{"count":1,"href":"https:\/\/www.cimmino.com\/it\/wp-json\/wp\/v2\/posts\/56222\/revisions"}],"predecessor-version":[{"id":56225,"href":"https:\/\/www.cimmino.com\/it\/wp-json\/wp\/v2\/posts\/56222\/revisions\/56225"}],"wp:featuredmedia":[{"embeddable":true,"href":"https:\/\/www.cimmino.com\/it\/wp-json\/wp\/v2\/media\/56223"}],"wp:attachment":[{"href":"https:\/\/www.cimmino.com\/it\/wp-json\/wp\/v2\/media?parent=56222"}],"wp:term":[{"taxonomy":"category","embeddable":true,"href":"https:\/\/www.cimmino.com\/it\/wp-json\/wp\/v2\/categories?post=56222"},{"taxonomy":"post_tag","embeddable":true,"href":"https:\/\/www.cimmino.com\/it\/wp-json\/wp\/v2\/tags?post=56222"}],"curies":[{"name":"wp","href":"https:\/\/api.w.org\/{rel}","templated":true}]}}