{"id":57036,"date":"2023-06-14T14:47:52","date_gmt":"2023-06-14T12:47:52","guid":{"rendered":"https:\/\/www.cimmino.com\/?p=57036"},"modified":"2023-06-14T15:23:01","modified_gmt":"2023-06-14T13:23:01","slug":"texworld-evolution-paris-riapre-le-porte-al-mondo-dal-3-al-5-luglio-2023","status":"publish","type":"post","link":"https:\/\/www.cimmino.com\/it\/texworld-evolution-paris-riapre-le-porte-al-mondo-dal-3-al-5-luglio-2023\/","title":{"rendered":"Texworld Evolution Paris riapre le porte al mondo dal 3 al 5 luglio 2023"},"content":{"rendered":"\n<p><strong>Texworld Evolution Paris<\/strong> \u00e8 la famosa fiera che riunisce, due volte all\u2019anno, un migliaio di espositori del settore tessile, tra cui anche Cimmino.<br><strong>Texworld Evolution <\/strong>vi aspetta <strong>dal 3 al 5 luglio 2023<\/strong>, a Parigi a <strong>Le Porte de Versailles.<\/strong><br>L\u2019evento offre ad ogni acquirente una piattaforma di sourcing per reperire prodotti da tutto il mondo, che variano da prodotti base a prodotti di maggiore qualit\u00e0 e creativit\u00e0.<br>Il team organizzatore si impegna anche di offrire visibilit\u00e0 a giovani designer per favorire gli scambi con espositori e brand alla ricerca di nuovi talenti.<br><\/p>\n\n\n\n<h2 class=\"wp-block-heading\">Cimmino presente al Texworld Evolution Paris con la sua esposizione<\/h2>\n\n\n\n<p>La fiera si compone di pi\u00f9 settori ed itinerari, ognuno di essi dedicato ad una specifica attivit\u00e0 e\/o prodotto:<br><br>&#8211;<strong>Texworld<\/strong>, porta in evidenza tessitori e tessuti da pi\u00f9 parti del mondo. Quest\u2019anno porter\u00e0 come novit\u00e0 un itinerario speciale chiamato <strong>Texworld Denim<\/strong> che raccoglier\u00e0 tutta l&#8217;offerta Denim in un unico luogo;<br>&#8211; <strong>Apparel Sourcing, <\/strong>punto d&#8217;incontro per prodotti finiti, abbigliamento o accessori moda;<br>&#8211; <strong>Avantex, <\/strong>fiera dedicata all\u2019 innovazione per una moda avanzata e sostenibile;<br>&#8211; <strong>Leatherworld<\/strong> , piattaforma dedicata all&#8217;industria del cuoio che raggruppa produttori di materie prime e prodotti in pelle finiti;<br>&#8211; <strong>Elite Sector<\/strong>, spazio unico che raggruppa le aziende con servizi complementari indispensabili a brand e fashion designer.<br>&#8211;<strong>Shawls &amp; Scarves<\/strong>, settore di circa 50 produttori che si dedicano a scialli, sciarpe, carr\u00e9 e stole;<br>&#8211; <strong>Services Sector<\/strong>, settore dove trovare nuove soluzioni per assistere creatori, buyer, produttori di abbigliamento ed aziende.<br><br><a href=\"https:\/\/www.cimmino.com\/it\/\" target=\"_blank\" rel=\"noreferrer noopener\"><strong>Manifattura Foderami <\/strong><\/a><strong><a href=\"https:\/\/www.cimmino.com\/it\/\" target=\"_blank\" rel=\"noreferrer noopener\">Cimmino<\/a><\/strong> sar\u00e0 presente alla nuova edizione del Texworld Evolution di Parigi.<br>Il nostro stand sar\u00e0 presente al settore <strong>HALL 1 STAND S038 <\/strong>con tante novit\u00e0 ed ovviamente i nostri prodotti esclusivamente <strong>Made in Italy<\/strong>. Come sempre garantiremo massima qualit\u00e0 e professionalit\u00e0!<\/p>\n","protected":false},"excerpt":{"rendered":"<p>Texworld Evolution Paris \u00e8 la famosa fiera che riunisce un migliaio di espositori del settore tessile, tra cui anche Cimmino.<\/p>\n","protected":false},"author":1,"featured_media":57037,"comment_status":"closed","ping_status":"open","sticky":true,"template":"","format":"standard","meta":{"footnotes":""},"categories":[1178,18],"tags":[],"class_list":["post-57036","post","type-post","status-publish","format-standard","has-post-thumbnail","hentry","category-fiere","category-novita"],"yoast_head":"<!-- This site is optimized with the Yoast SEO plugin v21.9.1 - https:\/\/yoast.com\/wordpress\/plugins\/seo\/ -->\n<title>Texworld Evolution Paris riapre le porte al mondo dal 3 al 5 luglio 2023 - Cimmino<\/title>\n<meta name=\"robots\" content=\"index, follow, max-snippet:-1, max-image-preview:large, max-video-preview:-1\" \/>\n<link rel=\"canonical\" href=\"https:\/\/www.cimmino.com\/it\/texworld-evolution-paris-riapre-le-porte-al-mondo-dal-3-al-5-luglio-2023\/\" \/>\n<meta property=\"og:locale\" content=\"it_IT\" \/>\n<meta property=\"og:type\" content=\"article\" \/>\n<meta property=\"og:title\" content=\"Texworld Evolution Paris riapre le porte al mondo dal 3 al 5 luglio 2023 - Cimmino\" \/>\n<meta property=\"og:description\" content=\"Texworld Evolution Paris \u00e8 la famosa fiera che riunisce un migliaio di espositori del settore tessile, tra cui anche Cimmino.\" \/>\n<meta property=\"og:url\" content=\"https:\/\/www.cimmino.com\/it\/texworld-evolution-paris-riapre-le-porte-al-mondo-dal-3-al-5-luglio-2023\/\" \/>\n<meta property=\"og:site_name\" content=\"Cimmino\" \/>\n<meta property=\"article:published_time\" content=\"2023-06-14T12:47:52+00:00\" \/>\n<meta property=\"article:modified_time\" content=\"2023-06-14T13:23:01+00:00\" \/>\n<meta property=\"og:image\" content=\"https:\/\/www.cimmino.com\/wp-content\/uploads\/2023\/06\/fiera-texworld-evolution-paris.jpg\" \/>\n\t<meta property=\"og:image:width\" content=\"1200\" \/>\n\t<meta property=\"og:image:height\" content=\"800\" \/>\n\t<meta property=\"og:image:type\" content=\"image\/jpeg\" \/>\n<meta name=\"author\" content=\"areatecnica\" \/>\n<meta name=\"twitter:card\" content=\"summary_large_image\" \/>\n<meta name=\"twitter:label1\" content=\"Scritto da\" \/>\n\t<meta name=\"twitter:data1\" content=\"areatecnica\" \/>\n\t<meta name=\"twitter:label2\" content=\"Tempo di lettura stimato\" \/>\n\t<meta name=\"twitter:data2\" content=\"1 minuto\" \/>\n<script type=\"application\/ld+json\" class=\"yoast-schema-graph\">{\"@context\":\"https:\/\/schema.org\",\"@graph\":[{\"@type\":\"WebPage\",\"@id\":\"https:\/\/www.cimmino.com\/it\/texworld-evolution-paris-riapre-le-porte-al-mondo-dal-3-al-5-luglio-2023\/\",\"url\":\"https:\/\/www.cimmino.com\/it\/texworld-evolution-paris-riapre-le-porte-al-mondo-dal-3-al-5-luglio-2023\/\",\"name\":\"Texworld Evolution Paris riapre le porte al mondo dal 3 al 5 luglio 2023 - Cimmino\",\"isPartOf\":{\"@id\":\"https:\/\/www.cimmino.com\/en\/#website\"},\"datePublished\":\"2023-06-14T12:47:52+00:00\",\"dateModified\":\"2023-06-14T13:23:01+00:00\",\"author\":{\"@id\":\"https:\/\/www.cimmino.com\/en\/#\/schema\/person\/acc48ce09fe720928d6ab3d442abf8ec\"},\"breadcrumb\":{\"@id\":\"https:\/\/www.cimmino.com\/it\/texworld-evolution-paris-riapre-le-porte-al-mondo-dal-3-al-5-luglio-2023\/#breadcrumb\"},\"inLanguage\":\"it-IT\",\"potentialAction\":[{\"@type\":\"ReadAction\",\"target\":[\"https:\/\/www.cimmino.com\/it\/texworld-evolution-paris-riapre-le-porte-al-mondo-dal-3-al-5-luglio-2023\/\"]}]},{\"@type\":\"BreadcrumbList\",\"@id\":\"https:\/\/www.cimmino.com\/it\/texworld-evolution-paris-riapre-le-porte-al-mondo-dal-3-al-5-luglio-2023\/#breadcrumb\",\"itemListElement\":[{\"@type\":\"ListItem\",\"position\":1,\"name\":\"Home\",\"item\":\"https:\/\/www.cimmino.com\/it\/\"},{\"@type\":\"ListItem\",\"position\":2,\"name\":\"Texworld Evolution Paris riapre le porte al mondo dal 3 al 5 luglio 2023\"}]},{\"@type\":\"WebSite\",\"@id\":\"https:\/\/www.cimmino.com\/en\/#website\",\"url\":\"https:\/\/www.cimmino.com\/en\/\",\"name\":\"Cimmino\",\"description\":\"Your partner in style since 1750\",\"potentialAction\":[{\"@type\":\"SearchAction\",\"target\":{\"@type\":\"EntryPoint\",\"urlTemplate\":\"https:\/\/www.cimmino.com\/en\/?s={search_term_string}\"},\"query-input\":\"required name=search_term_string\"}],\"inLanguage\":\"it-IT\"},{\"@type\":\"Person\",\"@id\":\"https:\/\/www.cimmino.com\/en\/#\/schema\/person\/acc48ce09fe720928d6ab3d442abf8ec\",\"name\":\"areatecnica\",\"image\":{\"@type\":\"ImageObject\",\"inLanguage\":\"it-IT\",\"@id\":\"https:\/\/www.cimmino.com\/en\/#\/schema\/person\/image\/\",\"url\":\"https:\/\/secure.gravatar.com\/avatar\/60e318cb6e6de1184d3834661ba9f6209a8d536ae9c769e3662804fd574471a2?s=96&d=mm&r=g\",\"contentUrl\":\"https:\/\/secure.gravatar.com\/avatar\/60e318cb6e6de1184d3834661ba9f6209a8d536ae9c769e3662804fd574471a2?s=96&d=mm&r=g\",\"caption\":\"areatecnica\"},\"sameAs\":[\"https:\/\/www.cimmino.com\"]}]}<\/script>\n<!-- \/ Yoast SEO plugin. -->","yoast_head_json":{"title":"Texworld Evolution Paris riapre le porte al mondo dal 3 al 5 luglio 2023 - Cimmino","robots":{"index":"index","follow":"follow","max-snippet":"max-snippet:-1","max-image-preview":"max-image-preview:large","max-video-preview":"max-video-preview:-1"},"canonical":"https:\/\/www.cimmino.com\/it\/texworld-evolution-paris-riapre-le-porte-al-mondo-dal-3-al-5-luglio-2023\/","og_locale":"it_IT","og_type":"article","og_title":"Texworld Evolution Paris riapre le porte al mondo dal 3 al 5 luglio 2023 - Cimmino","og_description":"Texworld Evolution Paris \u00e8 la famosa fiera che riunisce un migliaio di espositori del settore tessile, tra cui anche Cimmino.","og_url":"https:\/\/www.cimmino.com\/it\/texworld-evolution-paris-riapre-le-porte-al-mondo-dal-3-al-5-luglio-2023\/","og_site_name":"Cimmino","article_published_time":"2023-06-14T12:47:52+00:00","article_modified_time":"2023-06-14T13:23:01+00:00","og_image":[{"width":1200,"height":800,"url":"https:\/\/www.cimmino.com\/wp-content\/uploads\/2023\/06\/fiera-texworld-evolution-paris.jpg","type":"image\/jpeg"}],"author":"areatecnica","twitter_card":"summary_large_image","twitter_misc":{"Scritto da":"areatecnica","Tempo di lettura stimato":"1 minuto"},"schema":{"@context":"https:\/\/schema.org","@graph":[{"@type":"WebPage","@id":"https:\/\/www.cimmino.com\/it\/texworld-evolution-paris-riapre-le-porte-al-mondo-dal-3-al-5-luglio-2023\/","url":"https:\/\/www.cimmino.com\/it\/texworld-evolution-paris-riapre-le-porte-al-mondo-dal-3-al-5-luglio-2023\/","name":"Texworld Evolution Paris riapre le porte al mondo dal 3 al 5 luglio 2023 - Cimmino","isPartOf":{"@id":"https:\/\/www.cimmino.com\/en\/#website"},"datePublished":"2023-06-14T12:47:52+00:00","dateModified":"2023-06-14T13:23:01+00:00","author":{"@id":"https:\/\/www.cimmino.com\/en\/#\/schema\/person\/acc48ce09fe720928d6ab3d442abf8ec"},"breadcrumb":{"@id":"https:\/\/www.cimmino.com\/it\/texworld-evolution-paris-riapre-le-porte-al-mondo-dal-3-al-5-luglio-2023\/#breadcrumb"},"inLanguage":"it-IT","potentialAction":[{"@type":"ReadAction","target":["https:\/\/www.cimmino.com\/it\/texworld-evolution-paris-riapre-le-porte-al-mondo-dal-3-al-5-luglio-2023\/"]}]},{"@type":"BreadcrumbList","@id":"https:\/\/www.cimmino.com\/it\/texworld-evolution-paris-riapre-le-porte-al-mondo-dal-3-al-5-luglio-2023\/#breadcrumb","itemListElement":[{"@type":"ListItem","position":1,"name":"Home","item":"https:\/\/www.cimmino.com\/it\/"},{"@type":"ListItem","position":2,"name":"Texworld Evolution Paris riapre le porte al mondo dal 3 al 5 luglio 2023"}]},{"@type":"WebSite","@id":"https:\/\/www.cimmino.com\/en\/#website","url":"https:\/\/www.cimmino.com\/en\/","name":"Cimmino","description":"Your partner in style since 1750","potentialAction":[{"@type":"SearchAction","target":{"@type":"EntryPoint","urlTemplate":"https:\/\/www.cimmino.com\/en\/?s={search_term_string}"},"query-input":"required name=search_term_string"}],"inLanguage":"it-IT"},{"@type":"Person","@id":"https:\/\/www.cimmino.com\/en\/#\/schema\/person\/acc48ce09fe720928d6ab3d442abf8ec","name":"areatecnica","image":{"@type":"ImageObject","inLanguage":"it-IT","@id":"https:\/\/www.cimmino.com\/en\/#\/schema\/person\/image\/","url":"https:\/\/secure.gravatar.com\/avatar\/60e318cb6e6de1184d3834661ba9f6209a8d536ae9c769e3662804fd574471a2?s=96&d=mm&r=g","contentUrl":"https:\/\/secure.gravatar.com\/avatar\/60e318cb6e6de1184d3834661ba9f6209a8d536ae9c769e3662804fd574471a2?s=96&d=mm&r=g","caption":"areatecnica"},"sameAs":["https:\/\/www.cimmino.com"]}]}},"_links":{"self":[{"href":"https:\/\/www.cimmino.com\/it\/wp-json\/wp\/v2\/posts\/57036","targetHints":{"allow":["GET"]}}],"collection":[{"href":"https:\/\/www.cimmino.com\/it\/wp-json\/wp\/v2\/posts"}],"about":[{"href":"https:\/\/www.cimmino.com\/it\/wp-json\/wp\/v2\/types\/post"}],"author":[{"embeddable":true,"href":"https:\/\/www.cimmino.com\/it\/wp-json\/wp\/v2\/users\/1"}],"replies":[{"embeddable":true,"href":"https:\/\/www.cimmino.com\/it\/wp-json\/wp\/v2\/comments?post=57036"}],"version-history":[{"count":3,"href":"https:\/\/www.cimmino.com\/it\/wp-json\/wp\/v2\/posts\/57036\/revisions"}],"predecessor-version":[{"id":57043,"href":"https:\/\/www.cimmino.com\/it\/wp-json\/wp\/v2\/posts\/57036\/revisions\/57043"}],"wp:featuredmedia":[{"embeddable":true,"href":"https:\/\/www.cimmino.com\/it\/wp-json\/wp\/v2\/media\/57037"}],"wp:attachment":[{"href":"https:\/\/www.cimmino.com\/it\/wp-json\/wp\/v2\/media?parent=57036"}],"wp:term":[{"taxonomy":"category","embeddable":true,"href":"https:\/\/www.cimmino.com\/it\/wp-json\/wp\/v2\/categories?post=57036"},{"taxonomy":"post_tag","embeddable":true,"href":"https:\/\/www.cimmino.com\/it\/wp-json\/wp\/v2\/tags?post=57036"}],"curies":[{"name":"wp","href":"https:\/\/api.w.org\/{rel}","templated":true}]}}