{"id":63500,"date":"2025-02-11T17:29:52","date_gmt":"2025-02-11T16:29:52","guid":{"rendered":"https:\/\/www.cimmino.com\/?p=63500"},"modified":"2025-02-12T15:18:03","modified_gmt":"2025-02-12T14:18:03","slug":"hh-cologne-7-9-marzo-colonia-germania","status":"publish","type":"post","link":"https:\/\/www.cimmino.com\/it\/hh-cologne-7-9-marzo-colonia-germania\/","title":{"rendered":"h+h Cologne (7-9 Marzo) | Colonia (Germania)"},"content":{"rendered":"\n<p>Dal 7 al 9 marzo 2025, Colonia ospiter\u00e0 <strong>h+h cologne<\/strong>, la principale fiera internazionale dedicata al settore dell&#8217;artigianato e degli hobby creativi. L&#8217;evento si terr\u00e0 presso il <strong>centro espositivo Koelnmesse<\/strong> e presenter\u00e0 le ultime novit\u00e0 in ambiti quali maglieria, uncinetto, cucito, ricamo e altre attivit\u00e0 manuali.<\/p>\n\n\n\n<p>L&#8217;edizione di quest&#8217;anno si concentra sul tema &#8220;<strong>Commercio Locale: Creare il Futuro<\/strong>&#8220;, offrendo una piattaforma ideale per il networking internazionale, l&#8217;apprendimento e lo sviluppo di nuove idee. I partecipanti avranno l&#8217;opportunit\u00e0 di connettersi con una comunit\u00e0 forte, stabilire contatti locali e prepararsi alle sfide future del commercio al dettaglio.<\/p>\n\n\n\n<h2 class=\"wp-block-heading\">H+H Cologne: il programma della fiera dedicata all&#8217;artigianato<\/h2>\n\n\n\n<p>Il programma dell&#8217;evento include diverse zone tematiche:<\/p>\n\n\n\n<ul class=\"wp-block-list\">\n<li><strong>Talk Zone<\/strong>: sessioni di discussione su argomenti rilevanti per il settore.<\/li>\n\n\n\n<li><strong>Academy Zone<\/strong>: workshop approfonditi di 90 minuti in cui esperti del settore condividono soluzioni pratiche per il futuro del commercio locale. I workshop possono essere prenotati in anticipo.<\/li>\n\n\n\n<li><strong>Creative Zone<\/strong>: spazio dedicato a migliorare le tecniche artigianali attraverso sessioni pratiche.<\/li>\n\n\n\n<li><strong>Green Zone &amp; Trend Zone<\/strong>: aree che mettono in risalto prodotti sostenibili e idee innovative nel mondo dell&#8217;artigianato.<\/li>\n\n\n\n<li><strong>Fashion Show<\/strong>: sfilate che presentano le ultime tendenze nel settore dell&#8217;artigianato tessile.<\/li>\n<\/ul>\n\n\n\n<p>Con oltre 300 espositori provenienti da 40 paesi e pi\u00f9 di 12.000 visitatori attesi da 78 nazioni, h+h cologne 2025 rappresenta un appuntamento imperdibile per professionisti e appassionati del settore. L&#8217;evento offre un&#8217;ampia gamma di opportunit\u00e0 per la crescita del business, dal networking efficiente all&#8217;accesso a una comunit\u00e0 internazionale, fino a numerosi programmi di apprendimento ed eventi.<\/p>\n\n\n\n<p>Per partecipare, \u00e8 possibile <strong>acquistare i biglietti online<\/strong> sul sito ufficiale dell&#8217;evento. Si consiglia di pianificare in anticipo il viaggio e l&#8217;alloggio, data l&#8217;affluenza prevista. h+h cologne 2025 si preannuncia come un evento ricco di ispirazione, innovazione e opportunit\u00e0 per tutti gli operatori del settore dell&#8217;artigianato e degli hobby creativi. Anche <a href=\"https:\/\/www.cimmino.com\/it\/\" target=\"_blank\" rel=\"noreferrer noopener\">Manifattura Foderami Cimmino<\/a> sar\u00e0 presente, presso la <strong>Hall 11.2 Stand A041<\/strong>.<\/p>\n\n\n\n<p><\/p>\n","protected":false},"excerpt":{"rendered":"<p>Dal 7 al 9 marzo 2025, Colonia ospiter\u00e0 h+h cologne, la principale fiera internazionale dedicata all&#8217;artigianato e agli hobby creativi.<\/p>\n","protected":false},"author":1,"featured_media":63502,"comment_status":"closed","ping_status":"closed","sticky":true,"template":"","format":"standard","meta":{"footnotes":""},"categories":[1178],"tags":[],"class_list":["post-63500","post","type-post","status-publish","format-standard","has-post-thumbnail","hentry","category-fiere"],"yoast_head":"<!-- This site is optimized with the Yoast SEO plugin v21.9.1 - https:\/\/yoast.com\/wordpress\/plugins\/seo\/ -->\n<title>h+h Cologne (7-9 Marzo) | Colonia (Germania) - Cimmino<\/title>\n<meta name=\"description\" content=\"Dal 7 al 9 marzo 2025, Colonia ospiter\u00e0 h+h cologne, la principale fiera internazionale dedicata all&#039;artigianato e agli hobby creativi.\" \/>\n<meta name=\"robots\" content=\"index, follow, max-snippet:-1, max-image-preview:large, max-video-preview:-1\" \/>\n<link rel=\"canonical\" href=\"https:\/\/www.cimmino.com\/it\/hh-cologne-7-9-marzo-colonia-germania\/\" \/>\n<meta property=\"og:locale\" content=\"it_IT\" \/>\n<meta property=\"og:type\" content=\"article\" \/>\n<meta property=\"og:title\" content=\"h+h Cologne (7-9 Marzo) | Colonia (Germania) - Cimmino\" \/>\n<meta property=\"og:description\" content=\"Dal 7 al 9 marzo 2025, Colonia ospiter\u00e0 h+h cologne, la principale fiera internazionale dedicata all&#039;artigianato e agli hobby creativi.\" \/>\n<meta property=\"og:url\" content=\"https:\/\/www.cimmino.com\/it\/hh-cologne-7-9-marzo-colonia-germania\/\" \/>\n<meta property=\"og:site_name\" content=\"Cimmino\" \/>\n<meta property=\"article:published_time\" content=\"2025-02-11T16:29:52+00:00\" \/>\n<meta property=\"article:modified_time\" content=\"2025-02-12T14:18:03+00:00\" \/>\n<meta property=\"og:image\" content=\"https:\/\/www.cimmino.com\/wp-content\/uploads\/2025\/02\/Fiera-artigianato.jpg\" \/>\n\t<meta property=\"og:image:width\" content=\"1200\" \/>\n\t<meta property=\"og:image:height\" content=\"800\" \/>\n\t<meta property=\"og:image:type\" content=\"image\/jpeg\" \/>\n<meta name=\"author\" content=\"areatecnica\" \/>\n<meta name=\"twitter:card\" content=\"summary_large_image\" \/>\n<meta name=\"twitter:label1\" content=\"Scritto da\" \/>\n\t<meta name=\"twitter:data1\" content=\"areatecnica\" \/>\n\t<meta name=\"twitter:label2\" content=\"Tempo di lettura stimato\" \/>\n\t<meta name=\"twitter:data2\" content=\"2 minuti\" \/>\n<script type=\"application\/ld+json\" class=\"yoast-schema-graph\">{\"@context\":\"https:\/\/schema.org\",\"@graph\":[{\"@type\":\"WebPage\",\"@id\":\"https:\/\/www.cimmino.com\/it\/hh-cologne-7-9-marzo-colonia-germania\/\",\"url\":\"https:\/\/www.cimmino.com\/it\/hh-cologne-7-9-marzo-colonia-germania\/\",\"name\":\"h+h Cologne (7-9 Marzo) | Colonia (Germania) - Cimmino\",\"isPartOf\":{\"@id\":\"https:\/\/www.cimmino.com\/en\/#website\"},\"datePublished\":\"2025-02-11T16:29:52+00:00\",\"dateModified\":\"2025-02-12T14:18:03+00:00\",\"author\":{\"@id\":\"https:\/\/www.cimmino.com\/en\/#\/schema\/person\/acc48ce09fe720928d6ab3d442abf8ec\"},\"description\":\"Dal 7 al 9 marzo 2025, Colonia ospiter\u00e0 h+h cologne, la principale fiera internazionale dedicata all'artigianato e agli hobby creativi.\",\"breadcrumb\":{\"@id\":\"https:\/\/www.cimmino.com\/it\/hh-cologne-7-9-marzo-colonia-germania\/#breadcrumb\"},\"inLanguage\":\"it-IT\",\"potentialAction\":[{\"@type\":\"ReadAction\",\"target\":[\"https:\/\/www.cimmino.com\/it\/hh-cologne-7-9-marzo-colonia-germania\/\"]}]},{\"@type\":\"BreadcrumbList\",\"@id\":\"https:\/\/www.cimmino.com\/it\/hh-cologne-7-9-marzo-colonia-germania\/#breadcrumb\",\"itemListElement\":[{\"@type\":\"ListItem\",\"position\":1,\"name\":\"Home\",\"item\":\"https:\/\/www.cimmino.com\/it\/\"},{\"@type\":\"ListItem\",\"position\":2,\"name\":\"h+h Cologne (7-9 Marzo) | Colonia (Germania)\"}]},{\"@type\":\"WebSite\",\"@id\":\"https:\/\/www.cimmino.com\/en\/#website\",\"url\":\"https:\/\/www.cimmino.com\/en\/\",\"name\":\"Cimmino\",\"description\":\"Your partner in style since 1750\",\"potentialAction\":[{\"@type\":\"SearchAction\",\"target\":{\"@type\":\"EntryPoint\",\"urlTemplate\":\"https:\/\/www.cimmino.com\/en\/?s={search_term_string}\"},\"query-input\":\"required name=search_term_string\"}],\"inLanguage\":\"it-IT\"},{\"@type\":\"Person\",\"@id\":\"https:\/\/www.cimmino.com\/en\/#\/schema\/person\/acc48ce09fe720928d6ab3d442abf8ec\",\"name\":\"areatecnica\",\"image\":{\"@type\":\"ImageObject\",\"inLanguage\":\"it-IT\",\"@id\":\"https:\/\/www.cimmino.com\/en\/#\/schema\/person\/image\/\",\"url\":\"https:\/\/secure.gravatar.com\/avatar\/60e318cb6e6de1184d3834661ba9f6209a8d536ae9c769e3662804fd574471a2?s=96&d=mm&r=g\",\"contentUrl\":\"https:\/\/secure.gravatar.com\/avatar\/60e318cb6e6de1184d3834661ba9f6209a8d536ae9c769e3662804fd574471a2?s=96&d=mm&r=g\",\"caption\":\"areatecnica\"},\"sameAs\":[\"https:\/\/www.cimmino.com\"]}]}<\/script>\n<!-- \/ Yoast SEO plugin. -->","yoast_head_json":{"title":"h+h Cologne (7-9 Marzo) | Colonia (Germania) - Cimmino","description":"Dal 7 al 9 marzo 2025, Colonia ospiter\u00e0 h+h cologne, la principale fiera internazionale dedicata all'artigianato e agli hobby creativi.","robots":{"index":"index","follow":"follow","max-snippet":"max-snippet:-1","max-image-preview":"max-image-preview:large","max-video-preview":"max-video-preview:-1"},"canonical":"https:\/\/www.cimmino.com\/it\/hh-cologne-7-9-marzo-colonia-germania\/","og_locale":"it_IT","og_type":"article","og_title":"h+h Cologne (7-9 Marzo) | Colonia (Germania) - Cimmino","og_description":"Dal 7 al 9 marzo 2025, Colonia ospiter\u00e0 h+h cologne, la principale fiera internazionale dedicata all'artigianato e agli hobby creativi.","og_url":"https:\/\/www.cimmino.com\/it\/hh-cologne-7-9-marzo-colonia-germania\/","og_site_name":"Cimmino","article_published_time":"2025-02-11T16:29:52+00:00","article_modified_time":"2025-02-12T14:18:03+00:00","og_image":[{"width":1200,"height":800,"url":"https:\/\/www.cimmino.com\/wp-content\/uploads\/2025\/02\/Fiera-artigianato.jpg","type":"image\/jpeg"}],"author":"areatecnica","twitter_card":"summary_large_image","twitter_misc":{"Scritto da":"areatecnica","Tempo di lettura stimato":"2 minuti"},"schema":{"@context":"https:\/\/schema.org","@graph":[{"@type":"WebPage","@id":"https:\/\/www.cimmino.com\/it\/hh-cologne-7-9-marzo-colonia-germania\/","url":"https:\/\/www.cimmino.com\/it\/hh-cologne-7-9-marzo-colonia-germania\/","name":"h+h Cologne (7-9 Marzo) | Colonia (Germania) - Cimmino","isPartOf":{"@id":"https:\/\/www.cimmino.com\/en\/#website"},"datePublished":"2025-02-11T16:29:52+00:00","dateModified":"2025-02-12T14:18:03+00:00","author":{"@id":"https:\/\/www.cimmino.com\/en\/#\/schema\/person\/acc48ce09fe720928d6ab3d442abf8ec"},"description":"Dal 7 al 9 marzo 2025, Colonia ospiter\u00e0 h+h cologne, la principale fiera internazionale dedicata all'artigianato e agli hobby creativi.","breadcrumb":{"@id":"https:\/\/www.cimmino.com\/it\/hh-cologne-7-9-marzo-colonia-germania\/#breadcrumb"},"inLanguage":"it-IT","potentialAction":[{"@type":"ReadAction","target":["https:\/\/www.cimmino.com\/it\/hh-cologne-7-9-marzo-colonia-germania\/"]}]},{"@type":"BreadcrumbList","@id":"https:\/\/www.cimmino.com\/it\/hh-cologne-7-9-marzo-colonia-germania\/#breadcrumb","itemListElement":[{"@type":"ListItem","position":1,"name":"Home","item":"https:\/\/www.cimmino.com\/it\/"},{"@type":"ListItem","position":2,"name":"h+h Cologne (7-9 Marzo) | Colonia (Germania)"}]},{"@type":"WebSite","@id":"https:\/\/www.cimmino.com\/en\/#website","url":"https:\/\/www.cimmino.com\/en\/","name":"Cimmino","description":"Your partner in style since 1750","potentialAction":[{"@type":"SearchAction","target":{"@type":"EntryPoint","urlTemplate":"https:\/\/www.cimmino.com\/en\/?s={search_term_string}"},"query-input":"required name=search_term_string"}],"inLanguage":"it-IT"},{"@type":"Person","@id":"https:\/\/www.cimmino.com\/en\/#\/schema\/person\/acc48ce09fe720928d6ab3d442abf8ec","name":"areatecnica","image":{"@type":"ImageObject","inLanguage":"it-IT","@id":"https:\/\/www.cimmino.com\/en\/#\/schema\/person\/image\/","url":"https:\/\/secure.gravatar.com\/avatar\/60e318cb6e6de1184d3834661ba9f6209a8d536ae9c769e3662804fd574471a2?s=96&d=mm&r=g","contentUrl":"https:\/\/secure.gravatar.com\/avatar\/60e318cb6e6de1184d3834661ba9f6209a8d536ae9c769e3662804fd574471a2?s=96&d=mm&r=g","caption":"areatecnica"},"sameAs":["https:\/\/www.cimmino.com"]}]}},"_links":{"self":[{"href":"https:\/\/www.cimmino.com\/it\/wp-json\/wp\/v2\/posts\/63500","targetHints":{"allow":["GET"]}}],"collection":[{"href":"https:\/\/www.cimmino.com\/it\/wp-json\/wp\/v2\/posts"}],"about":[{"href":"https:\/\/www.cimmino.com\/it\/wp-json\/wp\/v2\/types\/post"}],"author":[{"embeddable":true,"href":"https:\/\/www.cimmino.com\/it\/wp-json\/wp\/v2\/users\/1"}],"replies":[{"embeddable":true,"href":"https:\/\/www.cimmino.com\/it\/wp-json\/wp\/v2\/comments?post=63500"}],"version-history":[{"count":1,"href":"https:\/\/www.cimmino.com\/it\/wp-json\/wp\/v2\/posts\/63500\/revisions"}],"predecessor-version":[{"id":63504,"href":"https:\/\/www.cimmino.com\/it\/wp-json\/wp\/v2\/posts\/63500\/revisions\/63504"}],"wp:featuredmedia":[{"embeddable":true,"href":"https:\/\/www.cimmino.com\/it\/wp-json\/wp\/v2\/media\/63502"}],"wp:attachment":[{"href":"https:\/\/www.cimmino.com\/it\/wp-json\/wp\/v2\/media?parent=63500"}],"wp:term":[{"taxonomy":"category","embeddable":true,"href":"https:\/\/www.cimmino.com\/it\/wp-json\/wp\/v2\/categories?post=63500"},{"taxonomy":"post_tag","embeddable":true,"href":"https:\/\/www.cimmino.com\/it\/wp-json\/wp\/v2\/tags?post=63500"}],"curies":[{"name":"wp","href":"https:\/\/api.w.org\/{rel}","templated":true}]}}