{"id":65611,"date":"2026-03-16T15:30:33","date_gmt":"2026-03-16T14:30:33","guid":{"rendered":"https:\/\/www.cimmino.com\/?p=65611"},"modified":"2026-04-29T11:32:26","modified_gmt":"2026-04-29T09:32:26","slug":"aggiornamento-campionario-cimmino-marzo-2026","status":"publish","type":"post","link":"https:\/\/www.cimmino.com\/it\/aggiornamento-campionario-cimmino-marzo-2026\/","title":{"rendered":"Aggiornamento campionario Cimmino Marzo 2026: tessuti per arredamento outdoor, resinati e tante nuove varianti colore"},"content":{"rendered":"\n<p>Ecco tutte le novit\u00e0 di Febbraio 2026: <a href=\"https:\/\/www.cimmino.com\/it\/\" target=\"_blank\" rel=\"noreferrer noopener\">Manifattura Foderami Cimmino<\/a> arricchisce il catalogo con tessuti nuovi, varianti colori e disegni ispirati alla nuova stagione.<\/p>\n\n\n\n<!--more-->\n\n\n\n<h2 class=\"wp-block-heading\">Febbraio 2026: i nuovi tessuti nel catalogo di Cimmino<\/h2>\n\n\n\n<p>Il <a href=\"https:\/\/cimminoshop.com\/it\/\" target=\"_blank\" rel=\"noreferrer noopener\">campionario di Cimmino<\/a> si arricchisce di nuovi tessuti e tante varianti colore\/fantasia delle stoffe e dei materiali pi\u00f9 amati.<\/p>\n\n\n\n<hr class=\"wp-block-separator has-alpha-channel-opacity is-style-wide\"\/>\n\n\n\n<h3 class=\"wp-block-heading has-text-align-center\">Tessuto Polyspan Wave<\/h3>\n\n\n\n<div class=\"wp-block-columns are-vertically-aligned-center is-layout-flex wp-container-core-columns-is-layout-9d6595d7 wp-block-columns-is-layout-flex\">\n<div class=\"wp-block-column is-vertically-aligned-center is-layout-flow wp-block-column-is-layout-flow\" style=\"flex-basis:50%\">\n<p>Il <strong><a href=\"https:\/\/cimminoshop.com\/it\/danza-spettacolo\/1166-51151-tessuto-polyspan-wave.html\" target=\"_blank\" rel=\"noreferrer noopener\">Tessuto Polyspan Wave<\/a><\/strong> \u00e8 pensato per chi cerca un materiale capace di raccontare il movimento ancora prima che il corpo si metta in scena. Realizzato in misto poliestere ed elastan (94% \/ 6%), offre un&#8217;elasticit\u00e0 eccellente che asseconda ogni gesto senza perdere forma. Un tessuto ideale per costumi da danza, body da spettacolo e capi performativi di ogni tipo.<\/p>\n<\/div>\n\n\n\n<div class=\"wp-block-column is-vertically-aligned-center is-layout-flow wp-block-column-is-layout-flow\"><\/div>\n\n\n\n<div class=\"wp-block-column is-vertically-aligned-center is-layout-flow wp-block-column-is-layout-flow\" style=\"flex-basis:50%\">\n<figure class=\"wp-block-image size-full\"><img decoding=\"async\" width=\"600\" height=\"400\" src=\"https:\/\/www.cimmino.com\/wp-content\/uploads\/2026\/03\/Tessuto-Polyspan-Wave.jpg\" alt=\"Tessuto Polyspan Wave\" class=\"wp-image-65612\" title=\"Tessuto Polyspan Wave\" srcset=\"https:\/\/www.cimmino.com\/wp-content\/uploads\/2026\/03\/Tessuto-Polyspan-Wave.jpg 600w, https:\/\/www.cimmino.com\/wp-content\/uploads\/2026\/03\/Tessuto-Polyspan-Wave-457x305.jpg 457w, https:\/\/www.cimmino.com\/wp-content\/uploads\/2026\/03\/Tessuto-Polyspan-Wave-150x100.jpg 150w, https:\/\/www.cimmino.com\/wp-content\/uploads\/2026\/03\/Tessuto-Polyspan-Wave-300x200.jpg 300w\" sizes=\"(max-width: 600px) 100vw, 600px\" \/><\/figure>\n<\/div>\n<\/div>\n\n\n\n<p>Ci\u00f2 che rende questo tessuto davvero unico \u00e8 il suo effetto <strong>degrad\u00e9 a onde fluide<\/strong>: il motivo sinuoso si sviluppa lungo il tessuto creando un movimento visivo continuo, capace di catturare la luce e amplificare la resa scenica del costume in scena. Ampiezza di 150 cm e un peso di 255 gr\/mtl garantiscono una buona consistenza senza appesantire, adatta sia al taglio professionale che alla confezione artigianale. Disponibile in pi\u00f9 colorazioni, il Polyspan Wave \u00e8 acquistabile in pezzi da 10 o 50 metri.<\/p>\n\n\n\n<hr class=\"wp-block-separator has-alpha-channel-opacity is-style-wide\"\/>\n\n\n\n<h3 class=\"wp-block-heading has-text-align-center\">Tessuto Outdoor<\/h3>\n\n\n\n<div class=\"wp-block-columns are-vertically-aligned-center is-layout-flex wp-container-core-columns-is-layout-9d6595d7 wp-block-columns-is-layout-flex\">\n<div class=\"wp-block-column is-vertically-aligned-center is-layout-flow wp-block-column-is-layout-flow\">\n<figure class=\"wp-block-image size-full\"><img decoding=\"async\" width=\"600\" height=\"400\" src=\"https:\/\/www.cimmino.com\/wp-content\/uploads\/2026\/03\/Tessuto-Outdoor.jpg\" alt=\"Tessuto Outdoor\" class=\"wp-image-65614\" title=\"Tessuto Outdoor\" srcset=\"https:\/\/www.cimmino.com\/wp-content\/uploads\/2026\/03\/Tessuto-Outdoor.jpg 600w, https:\/\/www.cimmino.com\/wp-content\/uploads\/2026\/03\/Tessuto-Outdoor-457x305.jpg 457w, https:\/\/www.cimmino.com\/wp-content\/uploads\/2026\/03\/Tessuto-Outdoor-150x100.jpg 150w, https:\/\/www.cimmino.com\/wp-content\/uploads\/2026\/03\/Tessuto-Outdoor-300x200.jpg 300w\" sizes=\"(max-width: 600px) 100vw, 600px\" \/><\/figure>\n<\/div>\n\n\n\n<div class=\"wp-block-column is-vertically-aligned-center is-layout-flow wp-block-column-is-layout-flow\">\n<p>Quando si arreda un terrazzo, un gazebo o un dehors, il tessuto fa la differenza \u2014 non solo nell&#8217;estetica, ma soprattutto nella durata nel tempo. Il <strong><a href=\"https:\/\/cimminoshop.com\/it\/tappezzeria\/1161-51080-tess-outdoor-cm-160.html\" target=\"_blank\" rel=\"noreferrer noopener\">Tessuto Outdoor<\/a> <\/strong>nasce per rispondere a questa esigenza: un materiale tecnico in misto acrilico e poliestere (80% \/ 20%) capace di resistere al sole, alla pioggia e agli sbalzi termici senza perdere colore n\u00e9 struttura. <\/p>\n<\/div>\n<\/div>\n\n\n\n<p>Con un&#8217;altezza di 160 cm e un peso di 352 gr\/mtl, offre una consistenza robusta ma lavorabile, ideale per <strong>tende da sole, cuscini da esterno, coperture, gazebi e rivestimenti per arredi outdoor<\/strong>. La fibra acrilica garantisce naturalmente resistenza allo sbiadimento UV, mentre la composizione con poliestere aggiunge stabilit\u00e0 dimensionale nel tempo.<\/p>\n\n\n\n<p>La gamma colori \u00e8 una delle sue vere forze: oltre 40 varianti tra fantasie a <strong>riga, fascia e tinta unita<\/strong> \u2014 da tonalit\u00e0 classiche come tortora, beige e marrone fino a colori vibranti come turchese, arancio e verde bandiera \u2014 permettono di personalizzare ogni ambiente esterno con stile. A completare il profilo tecnico, la certificazione <strong>OEKO-TEX\u00ae Standard 100<\/strong> attesta l&#8217;assenza di sostanze nocive, una garanzia importante soprattutto per contesti residenziali e contract. Disponibile in rotoli da 10 metri.<\/p>\n\n\n\n<hr class=\"wp-block-separator has-alpha-channel-opacity is-style-wide\"\/>\n\n\n\n<h3 class=\"wp-block-heading has-text-align-center\">Tessuto Scottie Basics GRS<\/h3>\n\n\n\n<div class=\"wp-block-columns is-layout-flex wp-container-core-columns-is-layout-9d6595d7 wp-block-columns-is-layout-flex\">\n<div class=\"wp-block-column is-vertically-aligned-center is-layout-flow wp-block-column-is-layout-flow\" style=\"flex-basis:50%\">\n<p>C&#8217;\u00e8 un motivo se il quadretto \u2014 dallo scozzese classico alle versioni pi\u00f9 contemporanee \u2014 non tramonta mai nell&#8217;arredo: sa essere rigoroso e caldo allo stesso tempo. Il <strong><a href=\"https:\/\/cimminoshop.com\/it\/tappezzeria\/1169-51235-tess-scottie-basics-cm-280.html\" target=\"_blank\" rel=\"noreferrer noopener\">Tessuto Scottie Basics GRS<\/a><\/strong> porta questo pattern su una loneta tecnica in cotone e poliestere (60% \/ 40%), pensata per chi vuole unire estetica senza tempo e solidit\u00e0 costruttiva.<\/p>\n<\/div>\n\n\n\n<div class=\"wp-block-column is-vertically-aligned-center is-layout-flow wp-block-column-is-layout-flow\"><\/div>\n\n\n\n<div class=\"wp-block-column is-vertically-aligned-center is-layout-flow wp-block-column-is-layout-flow\" style=\"flex-basis:50%\">\n<figure class=\"wp-block-image size-full\"><img decoding=\"async\" width=\"600\" height=\"401\" src=\"https:\/\/www.cimmino.com\/wp-content\/uploads\/2026\/03\/Tessuto-Scottie-Basics-GRS.jpg\" alt=\"Tessuto Scottie Basics GRS\" class=\"wp-image-65616\" title=\"Tessuto Scottie Basics GRS\" srcset=\"https:\/\/www.cimmino.com\/wp-content\/uploads\/2026\/03\/Tessuto-Scottie-Basics-GRS.jpg 600w, https:\/\/www.cimmino.com\/wp-content\/uploads\/2026\/03\/Tessuto-Scottie-Basics-GRS-457x305.jpg 457w, https:\/\/www.cimmino.com\/wp-content\/uploads\/2026\/03\/Tessuto-Scottie-Basics-GRS-150x100.jpg 150w, https:\/\/www.cimmino.com\/wp-content\/uploads\/2026\/03\/Tessuto-Scottie-Basics-GRS-300x201.jpg 300w\" sizes=\"(max-width: 600px) 100vw, 600px\" \/><\/figure>\n<\/div>\n<\/div>\n\n\n\n<p>Con un&#8217;altezza eccezionale di <strong>280 cm<\/strong> e un peso di 504 gr\/mtl, \u00e8 il tessuto ideale per lavorazioni che richiedono grande continuit\u00e0 di superficie: <strong>tende a pannello, copridivani, rivestimenti per sedute, pouf, cuscini maxi e accessori di arredo<\/strong>. La loneta regge bene il taglio e la cucitura, mantiene la forma nel tempo e si presta tanto alla produzione artigianale quanto a quella professionale.<\/p>\n\n\n\n<p>La palette \u00e8 costruita su tre famiglie distinte: il <strong>quadretto tinto<\/strong> in 15 colorazioni (dal grigio al verde acido, dal navy all&#8217;arancio), le <strong>varianti greggio bicolore<\/strong> per un effetto pi\u00f9 naturale e rustico, e i <strong>toni uniti<\/strong> per chi preferisce abbinamenti pi\u00f9 puliti e minimali. Una flessibilit\u00e0 cromatica rara per una loneta strutturata.<\/p>\n\n\n\n<p>A chiudere il profilo, due certificazioni: <strong>OEKO-TEX\u00ae Standard 100<\/strong> per la sicurezza delle fibre e il marchio <strong>GRS (Global Recycled Standard)<\/strong>, che attesta la presenza di materiale riciclato nella composizione \u2014 un valore aggiunto per progettisti e acquirenti attenti alla sostenibilit\u00e0. Disponibile in rotoli da 10 metri.<\/p>\n\n\n\n<hr class=\"wp-block-separator has-alpha-channel-opacity is-style-wide\"\/>\n\n\n\n<h3 class=\"wp-block-heading has-text-align-center\">Cotone Digital Pets<\/h3>\n\n\n\n<div class=\"wp-block-columns are-vertically-aligned-center is-layout-flex wp-container-core-columns-is-layout-9d6595d7 wp-block-columns-is-layout-flex\">\n<div class=\"wp-block-column is-vertically-aligned-center is-layout-flow wp-block-column-is-layout-flow\">\n<figure class=\"wp-block-image size-full\"><img decoding=\"async\" width=\"600\" height=\"400\" src=\"https:\/\/www.cimmino.com\/wp-content\/uploads\/2026\/03\/Cotone-Digital-Pets.jpg\" alt=\"Cotone Digital Pets\" class=\"wp-image-65618\" title=\"Cotone Digital Pets\" srcset=\"https:\/\/www.cimmino.com\/wp-content\/uploads\/2026\/03\/Cotone-Digital-Pets.jpg 600w, https:\/\/www.cimmino.com\/wp-content\/uploads\/2026\/03\/Cotone-Digital-Pets-457x305.jpg 457w, https:\/\/www.cimmino.com\/wp-content\/uploads\/2026\/03\/Cotone-Digital-Pets-150x100.jpg 150w, https:\/\/www.cimmino.com\/wp-content\/uploads\/2026\/03\/Cotone-Digital-Pets-300x200.jpg 300w\" sizes=\"(max-width: 600px) 100vw, 600px\" \/><\/figure>\n<\/div>\n\n\n\n<div class=\"wp-block-column is-vertically-aligned-center is-layout-flow wp-block-column-is-layout-flow\">\n<p>Che si tratti di un cuscino per il lettino di un bambino, di un sacchetto portaoggetti o di un set di lenzuolini personalizzati, il tessuto giusto fa tutta la differenza. Il <strong>Cotone Digital Pets<\/strong> \u00e8 un puro cotone 100% con stampa digitale ad alta definizione, disponibile in due fantasie dedicate agli amici a quattro zampe: <strong>Doggies<\/strong> (cagnolini) e <strong>Kitties<\/strong> (gattini).<\/p>\n<\/div>\n<\/div>\n\n\n\n<p>La stampa digitale garantisce colori vivaci e dettagli nitidi che non sbiadiscono con i lavaggi, mantenendo intatta la resa visiva nel tempo. Con un peso di 172,5 gr\/mtl e un&#8217;altezza di 150 cm, \u00e8 una tela morbida e piacevole al tatto, facile da tagliare e cucire anche per chi \u00e8 alle prime armi con il cucito creativo.<\/p>\n\n\n\n<p>Le applicazioni sono moltissime: <strong>lenzuolini e copertine per neonati, federe, borse in tessuto, grembiuli, kit regalo per amanti degli animali, decorazioni per camerette<\/strong>. Ovunque serva un tocco di allegria e dolcezza, questo cotone trova la sua collocazione naturale.<\/p>\n\n\n\n<p>La certificazione <strong>OEKO-TEX\u00ae Standard 100<\/strong> assicura l&#8217;assenza di sostanze nocive \u2014 una garanzia fondamentale per tutto ci\u00f2 che va a contatto con la pelle dei pi\u00f9 piccoli.<\/p>\n\n\n\n<hr class=\"wp-block-separator has-alpha-channel-opacity is-style-wide\"\/>\n\n\n\n<h3 class=\"wp-block-heading has-text-align-center\">Foamy Glitter Film<\/h3>\n\n\n\n<div class=\"wp-block-columns is-layout-flex wp-container-core-columns-is-layout-9d6595d7 wp-block-columns-is-layout-flex\">\n<div class=\"wp-block-column is-vertically-aligned-center is-layout-flow wp-block-column-is-layout-flow\" style=\"flex-basis:50%\">\n<p>Nel settore handcraft e della decorazione c&#8217;\u00e8 un materiale che non smette mai di stupire per versatilit\u00e0 e resa scenica: la <strong>schiuma EVA glitterata<\/strong>. Il <strong>Foamy Glitter Film<\/strong> di Cimmino porta questa risorsa creativa in formato professionale \u2014 rotoli da 10 metri di larghezza 105 cm, con uno spessore di 2 mm che bilancia perfettamente consistenza e flessibilit\u00e0.<\/p>\n<\/div>\n\n\n\n<div class=\"wp-block-column is-vertically-aligned-center is-layout-flow wp-block-column-is-layout-flow\"><\/div>\n\n\n\n<div class=\"wp-block-column is-vertically-aligned-center is-layout-flow wp-block-column-is-layout-flow\" style=\"flex-basis:50%\">\n<figure class=\"wp-block-image size-full\"><img decoding=\"async\" width=\"600\" height=\"400\" src=\"https:\/\/www.cimmino.com\/wp-content\/uploads\/2026\/03\/Foamy-Glitter-Film.jpg\" alt=\"Foamy Glitter Film\" class=\"wp-image-65621\" title=\"Foamy Glitter Film\" srcset=\"https:\/\/www.cimmino.com\/wp-content\/uploads\/2026\/03\/Foamy-Glitter-Film.jpg 600w, https:\/\/www.cimmino.com\/wp-content\/uploads\/2026\/03\/Foamy-Glitter-Film-457x305.jpg 457w, https:\/\/www.cimmino.com\/wp-content\/uploads\/2026\/03\/Foamy-Glitter-Film-150x100.jpg 150w, https:\/\/www.cimmino.com\/wp-content\/uploads\/2026\/03\/Foamy-Glitter-Film-300x200.jpg 300w\" sizes=\"(max-width: 600px) 100vw, 600px\" \/><\/figure>\n<\/div>\n<\/div>\n\n\n\n<p>La struttura \u00e8 composta da uno strato di schiuma EVA (Etilene Vinil Acetato) rivestito da un film glitterato brillante: il risultato \u00e8 una superficie luminosa, leggera e piacevole da lavorare, che si taglia con le forbici, si sagoma a caldo, si incolla senza difficolt\u00e0 e non si sfilaccia sui bordi \u2014 un vantaggio non trascurabile rispetto ai tessuti tradizionali per il craft.<\/p>\n\n\n\n<p>Le applicazioni sono ampie e trasversali: <strong>decorazioni per feste e allestimenti, packaging creativo, costumi di carnevale e cosplay, borse e accessori fai-da-te, pannelli decorativi, lavoretti didattici per bambini<\/strong>. La gamma conta 16 colorazioni \u2014 tra cui oro, argento, platino, fucsia, turchese e viola \u2014 per adattarsi a qualsiasi palette cromatica o concept creativo.<\/p>\n\n\n\n<p>Il materiale \u00e8 <strong>atossico, inodore e conforme agli standard REACH, EN71 e RoHS<\/strong>, il che lo rende adatto anche ad attivit\u00e0 laboratoriali e scolastiche senza preoccupazioni di sicurezza.<\/p>\n\n\n\n<h2 class=\"wp-block-heading has-text-align-center\">Colori\/Varianti Nuove<\/h2>\n\n\n\n<hr class=\"wp-block-separator has-alpha-channel-opacity is-style-wide\"\/>\n\n\n\n<div class=\"wp-block-columns is-layout-flex wp-container-core-columns-is-layout-9d6595d7 wp-block-columns-is-layout-flex\">\n<div class=\"wp-block-column is-layout-flow wp-block-column-is-layout-flow\">\n<h4 class=\"wp-block-heading has-text-align-center\">TULLE BOEMIA<\/h4>\n\n\n\n<p class=\"has-text-align-center\">COL. 80 WHITE SILVER<\/p>\n\n\n<div class=\"wp-block-image\">\n<figure class=\"aligncenter size-full\"><a href=\"https:\/\/cimminoshop.com\/it\/abbigliamento\/801-28231-tulle-boemia.html\" target=\"_blank\" rel=\" noreferrer noopener\"><img decoding=\"async\" width=\"400\" height=\"398\" src=\"https:\/\/www.cimmino.com\/wp-content\/uploads\/2026\/03\/TULLE-BOEMIA-bianco.jpg\" alt=\"TULLE BOEMIA\" class=\"wp-image-65625\" title=\"TULLE BOEMIA\" srcset=\"https:\/\/www.cimmino.com\/wp-content\/uploads\/2026\/03\/TULLE-BOEMIA-bianco.jpg 400w, https:\/\/www.cimmino.com\/wp-content\/uploads\/2026\/03\/TULLE-BOEMIA-bianco-307x305.jpg 307w, https:\/\/www.cimmino.com\/wp-content\/uploads\/2026\/03\/TULLE-BOEMIA-bianco-150x150.jpg 150w, https:\/\/www.cimmino.com\/wp-content\/uploads\/2026\/03\/TULLE-BOEMIA-bianco-120x120.jpg 120w, https:\/\/www.cimmino.com\/wp-content\/uploads\/2026\/03\/TULLE-BOEMIA-bianco-100x100.jpg 100w, https:\/\/www.cimmino.com\/wp-content\/uploads\/2026\/03\/TULLE-BOEMIA-bianco-80x80.jpg 80w, https:\/\/www.cimmino.com\/wp-content\/uploads\/2026\/03\/TULLE-BOEMIA-bianco-70x70.jpg 70w, https:\/\/www.cimmino.com\/wp-content\/uploads\/2026\/03\/TULLE-BOEMIA-bianco-300x299.jpg 300w\" sizes=\"(max-width: 400px) 100vw, 400px\" \/><\/a><\/figure>\n<\/div><\/div>\n\n\n\n<div class=\"wp-block-column is-layout-flow wp-block-column-is-layout-flow\">\n<h4 class=\"wp-block-heading has-text-align-center\">RASO PERLA<\/h4>\n\n\n\n<p class=\"has-text-align-center\">COL. 127 TAMPONE<\/p>\n\n\n<div class=\"wp-block-image\">\n<figure class=\"aligncenter size-full\"><a href=\"https:\/\/cimminoshop.com\/it\/linea-foderami\/130-4205-raso-perla-extra.html\" target=\"_blank\" rel=\" noreferrer noopener\"><img decoding=\"async\" width=\"400\" height=\"400\" src=\"https:\/\/www.cimmino.com\/wp-content\/uploads\/2026\/03\/raso-perla-extra.jpg\" alt=\"Raso Perla Extra\" class=\"wp-image-65627\" title=\"Raso Perla Extra\" srcset=\"https:\/\/www.cimmino.com\/wp-content\/uploads\/2026\/03\/raso-perla-extra.jpg 400w, https:\/\/www.cimmino.com\/wp-content\/uploads\/2026\/03\/raso-perla-extra-305x305.jpg 305w, https:\/\/www.cimmino.com\/wp-content\/uploads\/2026\/03\/raso-perla-extra-150x150.jpg 150w, https:\/\/www.cimmino.com\/wp-content\/uploads\/2026\/03\/raso-perla-extra-120x120.jpg 120w, https:\/\/www.cimmino.com\/wp-content\/uploads\/2026\/03\/raso-perla-extra-100x100.jpg 100w, https:\/\/www.cimmino.com\/wp-content\/uploads\/2026\/03\/raso-perla-extra-80x80.jpg 80w, https:\/\/www.cimmino.com\/wp-content\/uploads\/2026\/03\/raso-perla-extra-70x70.jpg 70w, https:\/\/www.cimmino.com\/wp-content\/uploads\/2026\/03\/raso-perla-extra-360x360.jpg 360w, https:\/\/www.cimmino.com\/wp-content\/uploads\/2026\/03\/raso-perla-extra-394x394.jpg 394w, https:\/\/www.cimmino.com\/wp-content\/uploads\/2026\/03\/raso-perla-extra-300x300.jpg 300w\" sizes=\"(max-width: 400px) 100vw, 400px\" \/><\/a><\/figure>\n<\/div><\/div>\n\n\n\n<div class=\"wp-block-column is-layout-flow wp-block-column-is-layout-flow\">\n<h4 class=\"wp-block-heading has-text-align-center\">PANNO BEST<\/h4>\n\n\n\n<p class=\"has-text-align-center\">COL. 2001 ROSA MELANGE<\/p>\n\n\n<div class=\"wp-block-image\">\n<figure class=\"aligncenter size-full\"><a href=\"https:\/\/cimminoshop.com\/it\/hobby-handcraft\/170-6894-panno-best-14-mm.html\" target=\"_blank\" rel=\" noreferrer noopener\"><img decoding=\"async\" width=\"400\" height=\"400\" src=\"https:\/\/www.cimmino.com\/wp-content\/uploads\/2026\/03\/Panno-Best-14-mm.jpg\" alt=\"Panno Best 1,4 mm\" class=\"wp-image-65629\" title=\"Panno Best 1,4 mm\" srcset=\"https:\/\/www.cimmino.com\/wp-content\/uploads\/2026\/03\/Panno-Best-14-mm.jpg 400w, https:\/\/www.cimmino.com\/wp-content\/uploads\/2026\/03\/Panno-Best-14-mm-305x305.jpg 305w, https:\/\/www.cimmino.com\/wp-content\/uploads\/2026\/03\/Panno-Best-14-mm-150x150.jpg 150w, https:\/\/www.cimmino.com\/wp-content\/uploads\/2026\/03\/Panno-Best-14-mm-120x120.jpg 120w, https:\/\/www.cimmino.com\/wp-content\/uploads\/2026\/03\/Panno-Best-14-mm-100x100.jpg 100w, https:\/\/www.cimmino.com\/wp-content\/uploads\/2026\/03\/Panno-Best-14-mm-80x80.jpg 80w, https:\/\/www.cimmino.com\/wp-content\/uploads\/2026\/03\/Panno-Best-14-mm-70x70.jpg 70w, https:\/\/www.cimmino.com\/wp-content\/uploads\/2026\/03\/Panno-Best-14-mm-360x360.jpg 360w, https:\/\/www.cimmino.com\/wp-content\/uploads\/2026\/03\/Panno-Best-14-mm-394x394.jpg 394w, https:\/\/www.cimmino.com\/wp-content\/uploads\/2026\/03\/Panno-Best-14-mm-300x300.jpg 300w\" sizes=\"(max-width: 400px) 100vw, 400px\" \/><\/a><\/figure>\n<\/div><\/div>\n<\/div>\n\n\n\n<div class=\"wp-block-columns is-layout-flex wp-container-core-columns-is-layout-9d6595d7 wp-block-columns-is-layout-flex\">\n<div class=\"wp-block-column is-layout-flow wp-block-column-is-layout-flow\">\n<h4 class=\"wp-block-heading has-text-align-center\">TESS. MAGLIA METALLIC<\/h4>\n\n\n\n<p class=\"has-text-align-center\">COL.60352 DOVE BLU<\/p>\n\n\n<div class=\"wp-block-image\">\n<figure class=\"aligncenter size-full\"><a href=\"https:\/\/cimminoshop.com\/it\/danza-spettacolo\/177-36366-tessuto-maglia-metallic.html\" target=\"_blank\" rel=\" noreferrer noopener\"><img decoding=\"async\" width=\"400\" height=\"400\" src=\"https:\/\/www.cimmino.com\/wp-content\/uploads\/2026\/03\/tessuto-maglia-metallic.jpg\" alt=\"Tessuto Maglia Metallic\" class=\"wp-image-65631\" title=\"Tessuto Maglia Metallic\" srcset=\"https:\/\/www.cimmino.com\/wp-content\/uploads\/2026\/03\/tessuto-maglia-metallic.jpg 400w, https:\/\/www.cimmino.com\/wp-content\/uploads\/2026\/03\/tessuto-maglia-metallic-305x305.jpg 305w, https:\/\/www.cimmino.com\/wp-content\/uploads\/2026\/03\/tessuto-maglia-metallic-150x150.jpg 150w, https:\/\/www.cimmino.com\/wp-content\/uploads\/2026\/03\/tessuto-maglia-metallic-120x120.jpg 120w, https:\/\/www.cimmino.com\/wp-content\/uploads\/2026\/03\/tessuto-maglia-metallic-100x100.jpg 100w, https:\/\/www.cimmino.com\/wp-content\/uploads\/2026\/03\/tessuto-maglia-metallic-80x80.jpg 80w, https:\/\/www.cimmino.com\/wp-content\/uploads\/2026\/03\/tessuto-maglia-metallic-70x70.jpg 70w, https:\/\/www.cimmino.com\/wp-content\/uploads\/2026\/03\/tessuto-maglia-metallic-360x360.jpg 360w, https:\/\/www.cimmino.com\/wp-content\/uploads\/2026\/03\/tessuto-maglia-metallic-394x394.jpg 394w, https:\/\/www.cimmino.com\/wp-content\/uploads\/2026\/03\/tessuto-maglia-metallic-300x300.jpg 300w\" sizes=\"(max-width: 400px) 100vw, 400px\" \/><\/a><\/figure>\n<\/div><\/div>\n\n\n\n<div class=\"wp-block-column is-layout-flow wp-block-column-is-layout-flow\">\n<h4 class=\"wp-block-heading has-text-align-center\">TELA CIPRO<\/h4>\n\n\n\n<p class=\"has-text-align-center\">COL. 13 ROSSO&nbsp;<\/p>\n\n\n<div class=\"wp-block-image\">\n<figure class=\"aligncenter size-full\"><a href=\"https:\/\/cimminoshop.com\/it\/fodere\/255-12441-tela-cipro.html\" target=\"_blank\" rel=\" noreferrer noopener\"><img decoding=\"async\" width=\"400\" height=\"400\" src=\"https:\/\/www.cimmino.com\/wp-content\/uploads\/2026\/03\/tela-cipro.jpg\" alt=\"Tela Cipro\" class=\"wp-image-65633\" title=\"Tela Cipro\" srcset=\"https:\/\/www.cimmino.com\/wp-content\/uploads\/2026\/03\/tela-cipro.jpg 400w, https:\/\/www.cimmino.com\/wp-content\/uploads\/2026\/03\/tela-cipro-305x305.jpg 305w, https:\/\/www.cimmino.com\/wp-content\/uploads\/2026\/03\/tela-cipro-150x150.jpg 150w, https:\/\/www.cimmino.com\/wp-content\/uploads\/2026\/03\/tela-cipro-120x120.jpg 120w, https:\/\/www.cimmino.com\/wp-content\/uploads\/2026\/03\/tela-cipro-100x100.jpg 100w, https:\/\/www.cimmino.com\/wp-content\/uploads\/2026\/03\/tela-cipro-80x80.jpg 80w, https:\/\/www.cimmino.com\/wp-content\/uploads\/2026\/03\/tela-cipro-70x70.jpg 70w, https:\/\/www.cimmino.com\/wp-content\/uploads\/2026\/03\/tela-cipro-360x360.jpg 360w, https:\/\/www.cimmino.com\/wp-content\/uploads\/2026\/03\/tela-cipro-394x394.jpg 394w, https:\/\/www.cimmino.com\/wp-content\/uploads\/2026\/03\/tela-cipro-300x300.jpg 300w\" sizes=\"(max-width: 400px) 100vw, 400px\" \/><\/a><\/figure>\n<\/div><\/div>\n\n\n\n<div class=\"wp-block-column is-layout-flow wp-block-column-is-layout-flow\">\n<h4 class=\"wp-block-heading has-text-align-center\">BULLONATO INDIANA<\/h4>\n\n\n\n<p class=\"has-text-align-center\">COL. VERDE\/ BIANCO<\/p>\n\n\n<div class=\"wp-block-image\">\n<figure class=\"aligncenter size-full\"><a href=\"https:\/\/cimminoshop.com\/it\/tovagliati\/1148-51807-bullonato-indiana-bco-cm140.html\" target=\"_blank\" rel=\" noreferrer noopener\"><img decoding=\"async\" width=\"400\" height=\"400\" src=\"https:\/\/www.cimmino.com\/wp-content\/uploads\/2026\/03\/Bullonato-Indiana-B.co_.jpg\" alt=\"Bullonato Indiana B.co\" class=\"wp-image-65635\" title=\"Bullonato Indiana B.co\" srcset=\"https:\/\/www.cimmino.com\/wp-content\/uploads\/2026\/03\/Bullonato-Indiana-B.co_.jpg 400w, https:\/\/www.cimmino.com\/wp-content\/uploads\/2026\/03\/Bullonato-Indiana-B.co_-305x305.jpg 305w, https:\/\/www.cimmino.com\/wp-content\/uploads\/2026\/03\/Bullonato-Indiana-B.co_-150x150.jpg 150w, https:\/\/www.cimmino.com\/wp-content\/uploads\/2026\/03\/Bullonato-Indiana-B.co_-120x120.jpg 120w, https:\/\/www.cimmino.com\/wp-content\/uploads\/2026\/03\/Bullonato-Indiana-B.co_-100x100.jpg 100w, https:\/\/www.cimmino.com\/wp-content\/uploads\/2026\/03\/Bullonato-Indiana-B.co_-80x80.jpg 80w, https:\/\/www.cimmino.com\/wp-content\/uploads\/2026\/03\/Bullonato-Indiana-B.co_-70x70.jpg 70w, https:\/\/www.cimmino.com\/wp-content\/uploads\/2026\/03\/Bullonato-Indiana-B.co_-360x360.jpg 360w, https:\/\/www.cimmino.com\/wp-content\/uploads\/2026\/03\/Bullonato-Indiana-B.co_-394x394.jpg 394w, https:\/\/www.cimmino.com\/wp-content\/uploads\/2026\/03\/Bullonato-Indiana-B.co_-300x300.jpg 300w\" sizes=\"(max-width: 400px) 100vw, 400px\" \/><\/a><\/figure>\n<\/div><\/div>\n<\/div>\n\n\n\n<div class=\"wp-block-columns is-layout-flex wp-container-core-columns-is-layout-9d6595d7 wp-block-columns-is-layout-flex\">\n<div class=\"wp-block-column is-layout-flow wp-block-column-is-layout-flow\">\n<h4 class=\"wp-block-heading has-text-align-center\">COTONE DIGITAL TEENS<\/h4>\n\n\n\n<p class=\"has-text-align-center\">8 NUOVI DISEGNI, INVIO NUOVO CATALOGO COMPLETO<\/p>\n\n\n<div class=\"wp-block-image\">\n<figure class=\"aligncenter size-full\"><a href=\"https:\/\/cimminoshop.com\/it\/biancheria\/1083-52136-cotone-digital-teens-cm150.html\" target=\"_blank\" rel=\" noreferrer noopener\"><img decoding=\"async\" width=\"400\" height=\"400\" src=\"https:\/\/www.cimmino.com\/wp-content\/uploads\/2026\/03\/Cotone-Digital-Teens.jpg\" alt=\"Cotone Digital Teens\" class=\"wp-image-65637\" title=\"Cotone Digital Teens\" srcset=\"https:\/\/www.cimmino.com\/wp-content\/uploads\/2026\/03\/Cotone-Digital-Teens.jpg 400w, https:\/\/www.cimmino.com\/wp-content\/uploads\/2026\/03\/Cotone-Digital-Teens-305x305.jpg 305w, https:\/\/www.cimmino.com\/wp-content\/uploads\/2026\/03\/Cotone-Digital-Teens-150x150.jpg 150w, https:\/\/www.cimmino.com\/wp-content\/uploads\/2026\/03\/Cotone-Digital-Teens-120x120.jpg 120w, https:\/\/www.cimmino.com\/wp-content\/uploads\/2026\/03\/Cotone-Digital-Teens-100x100.jpg 100w, https:\/\/www.cimmino.com\/wp-content\/uploads\/2026\/03\/Cotone-Digital-Teens-80x80.jpg 80w, https:\/\/www.cimmino.com\/wp-content\/uploads\/2026\/03\/Cotone-Digital-Teens-70x70.jpg 70w, https:\/\/www.cimmino.com\/wp-content\/uploads\/2026\/03\/Cotone-Digital-Teens-360x360.jpg 360w, https:\/\/www.cimmino.com\/wp-content\/uploads\/2026\/03\/Cotone-Digital-Teens-394x394.jpg 394w, https:\/\/www.cimmino.com\/wp-content\/uploads\/2026\/03\/Cotone-Digital-Teens-300x300.jpg 300w\" sizes=\"(max-width: 400px) 100vw, 400px\" \/><\/a><\/figure>\n<\/div><\/div>\n\n\n\n<div class=\"wp-block-column is-layout-flow wp-block-column-is-layout-flow\">\n<h4 class=\"wp-block-heading has-text-align-center\">*TESS. MARMOLADA RESINATO<\/h4>\n\n\n\n<p class=\"has-text-align-center\">DIS. 34319-3201 * INTEGRAZIONE DI TIRELLA<\/p>\n\n\n\n<figure class=\"wp-block-image size-full\"><a href=\"https:\/\/cimminoshop.com\/it\/home-decor\/879-52410-tess-marmolada-res-cm140.html\" target=\"_blank\" rel=\" noreferrer noopener\"><img decoding=\"async\" width=\"400\" height=\"400\" src=\"https:\/\/www.cimmino.com\/wp-content\/uploads\/2026\/03\/Tessuto-Marmolada-Resinato.jpg\" alt=\"Tessuto Marmolada Resinato\" class=\"wp-image-65639\" title=\"Tessuto Marmolada Resinato\" srcset=\"https:\/\/www.cimmino.com\/wp-content\/uploads\/2026\/03\/Tessuto-Marmolada-Resinato.jpg 400w, https:\/\/www.cimmino.com\/wp-content\/uploads\/2026\/03\/Tessuto-Marmolada-Resinato-305x305.jpg 305w, https:\/\/www.cimmino.com\/wp-content\/uploads\/2026\/03\/Tessuto-Marmolada-Resinato-150x150.jpg 150w, https:\/\/www.cimmino.com\/wp-content\/uploads\/2026\/03\/Tessuto-Marmolada-Resinato-120x120.jpg 120w, https:\/\/www.cimmino.com\/wp-content\/uploads\/2026\/03\/Tessuto-Marmolada-Resinato-100x100.jpg 100w, https:\/\/www.cimmino.com\/wp-content\/uploads\/2026\/03\/Tessuto-Marmolada-Resinato-80x80.jpg 80w, https:\/\/www.cimmino.com\/wp-content\/uploads\/2026\/03\/Tessuto-Marmolada-Resinato-70x70.jpg 70w, https:\/\/www.cimmino.com\/wp-content\/uploads\/2026\/03\/Tessuto-Marmolada-Resinato-360x360.jpg 360w, https:\/\/www.cimmino.com\/wp-content\/uploads\/2026\/03\/Tessuto-Marmolada-Resinato-394x394.jpg 394w, https:\/\/www.cimmino.com\/wp-content\/uploads\/2026\/03\/Tessuto-Marmolada-Resinato-300x300.jpg 300w\" sizes=\"(max-width: 400px) 100vw, 400px\" \/><\/a><\/figure>\n<\/div>\n\n\n\n<div class=\"wp-block-column is-layout-flow wp-block-column-is-layout-flow\">\n<h4 class=\"wp-block-heading has-text-align-center\">*TESS. CANAZEI RESINATO<\/h4>\n\n\n\n<p class=\"has-text-align-center\">5 NUOVI DISEGNI * INTEGRAZIONE DI TIRELLA<\/p>\n\n\n\n<figure class=\"wp-block-image size-full\"><a href=\"https:\/\/cimminoshop.com\/it\/home-decor\/784-52395-tessuto-canazei-resinato.html\" target=\"_blank\" rel=\" noreferrer noopener\"><img decoding=\"async\" width=\"400\" height=\"400\" src=\"https:\/\/www.cimmino.com\/wp-content\/uploads\/2026\/03\/tessuto-canazei-resinato.jpg\" alt=\"Tessuto Canazei Resinato\" class=\"wp-image-65641\" title=\"Tessuto Canazei Resinato\" srcset=\"https:\/\/www.cimmino.com\/wp-content\/uploads\/2026\/03\/tessuto-canazei-resinato.jpg 400w, https:\/\/www.cimmino.com\/wp-content\/uploads\/2026\/03\/tessuto-canazei-resinato-305x305.jpg 305w, https:\/\/www.cimmino.com\/wp-content\/uploads\/2026\/03\/tessuto-canazei-resinato-150x150.jpg 150w, https:\/\/www.cimmino.com\/wp-content\/uploads\/2026\/03\/tessuto-canazei-resinato-120x120.jpg 120w, https:\/\/www.cimmino.com\/wp-content\/uploads\/2026\/03\/tessuto-canazei-resinato-100x100.jpg 100w, https:\/\/www.cimmino.com\/wp-content\/uploads\/2026\/03\/tessuto-canazei-resinato-80x80.jpg 80w, https:\/\/www.cimmino.com\/wp-content\/uploads\/2026\/03\/tessuto-canazei-resinato-70x70.jpg 70w, https:\/\/www.cimmino.com\/wp-content\/uploads\/2026\/03\/tessuto-canazei-resinato-360x360.jpg 360w, https:\/\/www.cimmino.com\/wp-content\/uploads\/2026\/03\/tessuto-canazei-resinato-394x394.jpg 394w, https:\/\/www.cimmino.com\/wp-content\/uploads\/2026\/03\/tessuto-canazei-resinato-300x300.jpg 300w\" sizes=\"(max-width: 400px) 100vw, 400px\" \/><\/a><\/figure>\n<\/div>\n<\/div>\n\n\n\n<div class=\"wp-block-columns is-layout-flex wp-container-core-columns-is-layout-9d6595d7 wp-block-columns-is-layout-flex\">\n<div class=\"wp-block-column is-layout-flow wp-block-column-is-layout-flow\">\n<h4 class=\"wp-block-heading has-text-align-center\">*TESS. SASSOLUNGO RESINATO<\/h4>\n\n\n\n<p class=\"has-text-align-center\">11 NUOVI DISEGNI * INTEGRAZIONE DI TIRELLA<\/p>\n\n\n\n<figure class=\"wp-block-image size-full\"><a href=\"https:\/\/cimminoshop.com\/it\/tovagliati\/878-52403-tess-sassolungo-res-cm140.html\" target=\"_blank\" rel=\" noreferrer noopener\"><img decoding=\"async\" width=\"400\" height=\"400\" src=\"https:\/\/www.cimmino.com\/wp-content\/uploads\/2026\/03\/Tessuto-Sassolungo-Resinato.jpg\" alt=\"Tessuto Sassolungo Resinato\" class=\"wp-image-65643\" title=\"Tessuto Sassolungo Resinato\" srcset=\"https:\/\/www.cimmino.com\/wp-content\/uploads\/2026\/03\/Tessuto-Sassolungo-Resinato.jpg 400w, https:\/\/www.cimmino.com\/wp-content\/uploads\/2026\/03\/Tessuto-Sassolungo-Resinato-305x305.jpg 305w, https:\/\/www.cimmino.com\/wp-content\/uploads\/2026\/03\/Tessuto-Sassolungo-Resinato-150x150.jpg 150w, https:\/\/www.cimmino.com\/wp-content\/uploads\/2026\/03\/Tessuto-Sassolungo-Resinato-120x120.jpg 120w, https:\/\/www.cimmino.com\/wp-content\/uploads\/2026\/03\/Tessuto-Sassolungo-Resinato-100x100.jpg 100w, https:\/\/www.cimmino.com\/wp-content\/uploads\/2026\/03\/Tessuto-Sassolungo-Resinato-80x80.jpg 80w, https:\/\/www.cimmino.com\/wp-content\/uploads\/2026\/03\/Tessuto-Sassolungo-Resinato-70x70.jpg 70w, https:\/\/www.cimmino.com\/wp-content\/uploads\/2026\/03\/Tessuto-Sassolungo-Resinato-360x360.jpg 360w, https:\/\/www.cimmino.com\/wp-content\/uploads\/2026\/03\/Tessuto-Sassolungo-Resinato-394x394.jpg 394w, https:\/\/www.cimmino.com\/wp-content\/uploads\/2026\/03\/Tessuto-Sassolungo-Resinato-300x300.jpg 300w\" sizes=\"(max-width: 400px) 100vw, 400px\" \/><\/a><\/figure>\n<\/div>\n\n\n\n<div class=\"wp-block-column is-layout-flow wp-block-column-is-layout-flow\">\n<h4 class=\"wp-block-heading has-text-align-center\">FLANELLA ALESSIA<\/h4>\n\n\n\n<p class=\"has-text-align-center\">COL. 34 ROSA ANTICO PS G<\/p>\n\n\n<div class=\"wp-block-image\">\n<figure class=\"aligncenter size-full\"><a href=\"https:\/\/cimminoshop.com\/it\/tovagliati\/1139-52419-tess-hp-lussemburgo-res-cm140.html\" target=\"_blank\" rel=\" noreferrer noopener\"><img decoding=\"async\" width=\"400\" height=\"400\" src=\"https:\/\/www.cimmino.com\/wp-content\/uploads\/2026\/03\/Tessuto-Hp-Lussemburgo-Resinato.jpg\" alt=\"Tessuto Hp Lussemburgo Resinato\" class=\"wp-image-65645\" title=\"Tessuto Hp Lussemburgo Resinato\" srcset=\"https:\/\/www.cimmino.com\/wp-content\/uploads\/2026\/03\/Tessuto-Hp-Lussemburgo-Resinato.jpg 400w, https:\/\/www.cimmino.com\/wp-content\/uploads\/2026\/03\/Tessuto-Hp-Lussemburgo-Resinato-305x305.jpg 305w, https:\/\/www.cimmino.com\/wp-content\/uploads\/2026\/03\/Tessuto-Hp-Lussemburgo-Resinato-150x150.jpg 150w, https:\/\/www.cimmino.com\/wp-content\/uploads\/2026\/03\/Tessuto-Hp-Lussemburgo-Resinato-120x120.jpg 120w, https:\/\/www.cimmino.com\/wp-content\/uploads\/2026\/03\/Tessuto-Hp-Lussemburgo-Resinato-100x100.jpg 100w, https:\/\/www.cimmino.com\/wp-content\/uploads\/2026\/03\/Tessuto-Hp-Lussemburgo-Resinato-80x80.jpg 80w, https:\/\/www.cimmino.com\/wp-content\/uploads\/2026\/03\/Tessuto-Hp-Lussemburgo-Resinato-70x70.jpg 70w, https:\/\/www.cimmino.com\/wp-content\/uploads\/2026\/03\/Tessuto-Hp-Lussemburgo-Resinato-360x360.jpg 360w, https:\/\/www.cimmino.com\/wp-content\/uploads\/2026\/03\/Tessuto-Hp-Lussemburgo-Resinato-394x394.jpg 394w, https:\/\/www.cimmino.com\/wp-content\/uploads\/2026\/03\/Tessuto-Hp-Lussemburgo-Resinato-300x300.jpg 300w\" sizes=\"(max-width: 400px) 100vw, 400px\" \/><\/a><\/figure>\n<\/div><\/div>\n<\/div>\n\n\n\n<p>Seguici e resta aggiornato sulle novit\u00e0 dei <a href=\"https:\/\/www.cimmino.com\/it\/tessuti\/\" target=\"_blank\" rel=\"noreferrer noopener\">tessuti Cimmino<\/a> da inserire nel tuo campionario!<\/p>\n","protected":false},"excerpt":{"rendered":"<p>Ecco tutte le novit\u00e0 di Febbraio 2026: Manifattura Foderami Cimmino arricchisce il catalogo con tessuti nuovi, varianti colori e disegni ispirati alla nuova stagione.<\/p>\n","protected":false},"author":1,"featured_media":65647,"comment_status":"closed","ping_status":"closed","sticky":true,"template":"","format":"standard","meta":{"footnotes":""},"categories":[18],"tags":[],"class_list":["post-65611","post","type-post","status-publish","format-standard","has-post-thumbnail","hentry","category-novita","post_layout-novita"],"yoast_head":"<!-- This site is optimized with the Yoast SEO plugin v21.9.1 - https:\/\/yoast.com\/wordpress\/plugins\/seo\/ -->\n<title>Aggiornamento campionario Cimmino Marzo 2026- Cimmino<\/title>\n<meta name=\"description\" content=\"Ecco le novit\u00e0 di Marzo 2026: Manifattura Foderami Cimmino amplia il catalogo con tessuti, colori e disegni ispirati alla nuova stagione.\" \/>\n<meta name=\"robots\" content=\"index, follow, max-snippet:-1, max-image-preview:large, max-video-preview:-1\" \/>\n<link rel=\"canonical\" href=\"https:\/\/www.cimmino.com\/it\/aggiornamento-campionario-cimmino-marzo-2026\/\" \/>\n<meta property=\"og:locale\" content=\"it_IT\" \/>\n<meta property=\"og:type\" content=\"article\" \/>\n<meta property=\"og:title\" content=\"Aggiornamento campionario Cimmino Marzo 2026- Cimmino\" \/>\n<meta property=\"og:description\" content=\"Ecco le novit\u00e0 di Marzo 2026: Manifattura Foderami Cimmino amplia il catalogo con tessuti, colori e disegni ispirati alla nuova stagione.\" \/>\n<meta property=\"og:url\" content=\"https:\/\/www.cimmino.com\/it\/aggiornamento-campionario-cimmino-marzo-2026\/\" \/>\n<meta property=\"og:site_name\" content=\"Cimmino\" \/>\n<meta property=\"article:published_time\" content=\"2026-03-16T14:30:33+00:00\" \/>\n<meta property=\"article:modified_time\" content=\"2026-04-29T09:32:26+00:00\" \/>\n<meta property=\"og:image\" content=\"https:\/\/www.cimmino.com\/wp-content\/uploads\/2026\/03\/Aggiornamento-campionario-febbraio-2026.jpg\" \/>\n\t<meta property=\"og:image:width\" content=\"1200\" \/>\n\t<meta property=\"og:image:height\" content=\"800\" \/>\n\t<meta property=\"og:image:type\" content=\"image\/jpeg\" \/>\n<meta name=\"author\" content=\"areatecnica\" \/>\n<meta name=\"twitter:card\" content=\"summary_large_image\" \/>\n<meta name=\"twitter:label1\" content=\"Scritto da\" \/>\n\t<meta name=\"twitter:data1\" content=\"areatecnica\" \/>\n\t<meta name=\"twitter:label2\" content=\"Tempo di lettura stimato\" \/>\n\t<meta name=\"twitter:data2\" content=\"5 minuti\" \/>\n<script type=\"application\/ld+json\" class=\"yoast-schema-graph\">{\"@context\":\"https:\/\/schema.org\",\"@graph\":[{\"@type\":\"WebPage\",\"@id\":\"https:\/\/www.cimmino.com\/it\/aggiornamento-campionario-cimmino-marzo-2026\/\",\"url\":\"https:\/\/www.cimmino.com\/it\/aggiornamento-campionario-cimmino-marzo-2026\/\",\"name\":\"Aggiornamento campionario Cimmino Marzo 2026- Cimmino\",\"isPartOf\":{\"@id\":\"https:\/\/www.cimmino.com\/en\/#website\"},\"datePublished\":\"2026-03-16T14:30:33+00:00\",\"dateModified\":\"2026-04-29T09:32:26+00:00\",\"author\":{\"@id\":\"https:\/\/www.cimmino.com\/en\/#\/schema\/person\/acc48ce09fe720928d6ab3d442abf8ec\"},\"description\":\"Ecco le novit\u00e0 di Marzo 2026: Manifattura Foderami Cimmino amplia il catalogo con tessuti, colori e disegni ispirati alla nuova stagione.\",\"breadcrumb\":{\"@id\":\"https:\/\/www.cimmino.com\/it\/aggiornamento-campionario-cimmino-marzo-2026\/#breadcrumb\"},\"inLanguage\":\"it-IT\",\"potentialAction\":[{\"@type\":\"ReadAction\",\"target\":[\"https:\/\/www.cimmino.com\/it\/aggiornamento-campionario-cimmino-marzo-2026\/\"]}]},{\"@type\":\"BreadcrumbList\",\"@id\":\"https:\/\/www.cimmino.com\/it\/aggiornamento-campionario-cimmino-marzo-2026\/#breadcrumb\",\"itemListElement\":[{\"@type\":\"ListItem\",\"position\":1,\"name\":\"Home\",\"item\":\"https:\/\/www.cimmino.com\/it\/\"},{\"@type\":\"ListItem\",\"position\":2,\"name\":\"Aggiornamento campionario Cimmino Marzo 2026: tessuti per arredamento outdoor, resinati e tante nuove varianti colore\"}]},{\"@type\":\"WebSite\",\"@id\":\"https:\/\/www.cimmino.com\/en\/#website\",\"url\":\"https:\/\/www.cimmino.com\/en\/\",\"name\":\"Cimmino\",\"description\":\"Your partner in style since 1750\",\"potentialAction\":[{\"@type\":\"SearchAction\",\"target\":{\"@type\":\"EntryPoint\",\"urlTemplate\":\"https:\/\/www.cimmino.com\/en\/?s={search_term_string}\"},\"query-input\":\"required name=search_term_string\"}],\"inLanguage\":\"it-IT\"},{\"@type\":\"Person\",\"@id\":\"https:\/\/www.cimmino.com\/en\/#\/schema\/person\/acc48ce09fe720928d6ab3d442abf8ec\",\"name\":\"areatecnica\",\"image\":{\"@type\":\"ImageObject\",\"inLanguage\":\"it-IT\",\"@id\":\"https:\/\/www.cimmino.com\/en\/#\/schema\/person\/image\/\",\"url\":\"https:\/\/secure.gravatar.com\/avatar\/60e318cb6e6de1184d3834661ba9f6209a8d536ae9c769e3662804fd574471a2?s=96&d=mm&r=g\",\"contentUrl\":\"https:\/\/secure.gravatar.com\/avatar\/60e318cb6e6de1184d3834661ba9f6209a8d536ae9c769e3662804fd574471a2?s=96&d=mm&r=g\",\"caption\":\"areatecnica\"},\"sameAs\":[\"https:\/\/www.cimmino.com\"]}]}<\/script>\n<!-- \/ Yoast SEO plugin. -->","yoast_head_json":{"title":"Aggiornamento campionario Cimmino Marzo 2026- Cimmino","description":"Ecco le novit\u00e0 di Marzo 2026: Manifattura Foderami Cimmino amplia il catalogo con tessuti, colori e disegni ispirati alla nuova stagione.","robots":{"index":"index","follow":"follow","max-snippet":"max-snippet:-1","max-image-preview":"max-image-preview:large","max-video-preview":"max-video-preview:-1"},"canonical":"https:\/\/www.cimmino.com\/it\/aggiornamento-campionario-cimmino-marzo-2026\/","og_locale":"it_IT","og_type":"article","og_title":"Aggiornamento campionario Cimmino Marzo 2026- Cimmino","og_description":"Ecco le novit\u00e0 di Marzo 2026: Manifattura Foderami Cimmino amplia il catalogo con tessuti, colori e disegni ispirati alla nuova stagione.","og_url":"https:\/\/www.cimmino.com\/it\/aggiornamento-campionario-cimmino-marzo-2026\/","og_site_name":"Cimmino","article_published_time":"2026-03-16T14:30:33+00:00","article_modified_time":"2026-04-29T09:32:26+00:00","og_image":[{"width":1200,"height":800,"url":"https:\/\/www.cimmino.com\/wp-content\/uploads\/2026\/03\/Aggiornamento-campionario-febbraio-2026.jpg","type":"image\/jpeg"}],"author":"areatecnica","twitter_card":"summary_large_image","twitter_misc":{"Scritto da":"areatecnica","Tempo di lettura stimato":"5 minuti"},"schema":{"@context":"https:\/\/schema.org","@graph":[{"@type":"WebPage","@id":"https:\/\/www.cimmino.com\/it\/aggiornamento-campionario-cimmino-marzo-2026\/","url":"https:\/\/www.cimmino.com\/it\/aggiornamento-campionario-cimmino-marzo-2026\/","name":"Aggiornamento campionario Cimmino Marzo 2026- Cimmino","isPartOf":{"@id":"https:\/\/www.cimmino.com\/en\/#website"},"datePublished":"2026-03-16T14:30:33+00:00","dateModified":"2026-04-29T09:32:26+00:00","author":{"@id":"https:\/\/www.cimmino.com\/en\/#\/schema\/person\/acc48ce09fe720928d6ab3d442abf8ec"},"description":"Ecco le novit\u00e0 di Marzo 2026: Manifattura Foderami Cimmino amplia il catalogo con tessuti, colori e disegni ispirati alla nuova stagione.","breadcrumb":{"@id":"https:\/\/www.cimmino.com\/it\/aggiornamento-campionario-cimmino-marzo-2026\/#breadcrumb"},"inLanguage":"it-IT","potentialAction":[{"@type":"ReadAction","target":["https:\/\/www.cimmino.com\/it\/aggiornamento-campionario-cimmino-marzo-2026\/"]}]},{"@type":"BreadcrumbList","@id":"https:\/\/www.cimmino.com\/it\/aggiornamento-campionario-cimmino-marzo-2026\/#breadcrumb","itemListElement":[{"@type":"ListItem","position":1,"name":"Home","item":"https:\/\/www.cimmino.com\/it\/"},{"@type":"ListItem","position":2,"name":"Aggiornamento campionario Cimmino Marzo 2026: tessuti per arredamento outdoor, resinati e tante nuove varianti colore"}]},{"@type":"WebSite","@id":"https:\/\/www.cimmino.com\/en\/#website","url":"https:\/\/www.cimmino.com\/en\/","name":"Cimmino","description":"Your partner in style since 1750","potentialAction":[{"@type":"SearchAction","target":{"@type":"EntryPoint","urlTemplate":"https:\/\/www.cimmino.com\/en\/?s={search_term_string}"},"query-input":"required name=search_term_string"}],"inLanguage":"it-IT"},{"@type":"Person","@id":"https:\/\/www.cimmino.com\/en\/#\/schema\/person\/acc48ce09fe720928d6ab3d442abf8ec","name":"areatecnica","image":{"@type":"ImageObject","inLanguage":"it-IT","@id":"https:\/\/www.cimmino.com\/en\/#\/schema\/person\/image\/","url":"https:\/\/secure.gravatar.com\/avatar\/60e318cb6e6de1184d3834661ba9f6209a8d536ae9c769e3662804fd574471a2?s=96&d=mm&r=g","contentUrl":"https:\/\/secure.gravatar.com\/avatar\/60e318cb6e6de1184d3834661ba9f6209a8d536ae9c769e3662804fd574471a2?s=96&d=mm&r=g","caption":"areatecnica"},"sameAs":["https:\/\/www.cimmino.com"]}]}},"_links":{"self":[{"href":"https:\/\/www.cimmino.com\/it\/wp-json\/wp\/v2\/posts\/65611","targetHints":{"allow":["GET"]}}],"collection":[{"href":"https:\/\/www.cimmino.com\/it\/wp-json\/wp\/v2\/posts"}],"about":[{"href":"https:\/\/www.cimmino.com\/it\/wp-json\/wp\/v2\/types\/post"}],"author":[{"embeddable":true,"href":"https:\/\/www.cimmino.com\/it\/wp-json\/wp\/v2\/users\/1"}],"replies":[{"embeddable":true,"href":"https:\/\/www.cimmino.com\/it\/wp-json\/wp\/v2\/comments?post=65611"}],"version-history":[{"count":2,"href":"https:\/\/www.cimmino.com\/it\/wp-json\/wp\/v2\/posts\/65611\/revisions"}],"predecessor-version":[{"id":65919,"href":"https:\/\/www.cimmino.com\/it\/wp-json\/wp\/v2\/posts\/65611\/revisions\/65919"}],"wp:featuredmedia":[{"embeddable":true,"href":"https:\/\/www.cimmino.com\/it\/wp-json\/wp\/v2\/media\/65647"}],"wp:attachment":[{"href":"https:\/\/www.cimmino.com\/it\/wp-json\/wp\/v2\/media?parent=65611"}],"wp:term":[{"taxonomy":"category","embeddable":true,"href":"https:\/\/www.cimmino.com\/it\/wp-json\/wp\/v2\/categories?post=65611"},{"taxonomy":"post_tag","embeddable":true,"href":"https:\/\/www.cimmino.com\/it\/wp-json\/wp\/v2\/tags?post=65611"}],"curies":[{"name":"wp","href":"https:\/\/api.w.org\/{rel}","templated":true}]}}